{"id":161869,"date":"2014-10-15T02:36:58","date_gmt":"2014-10-15T02:36:58","guid":{"rendered":"http:\/\/diariodominicano.ddns.net\/?p=161869"},"modified":"2014-10-15T02:36:58","modified_gmt":"2014-10-15T02:36:58","slug":"euclides-dice-peledeistas-estan-obligados-a-contribuir-con-la-buena-gestion-del-presidente-danilo-medina","status":"publish","type":"post","link":"https:\/\/diariodominicano.com\/?p=161869","title":{"rendered":"Euclides dice peledeistas estan obligados a contribuir con la buena gesti\u00f3n del Presidente Danilo Medina"},"content":{"rendered":"<p><body><\/p>\n<p><img decoding=\"async\" src=\"http:\/\/localhost:8080\/img3\/Felix.JPG\" \/>  <\/p>\n<p><span class=\"text1noticias\">Santo Domingo, R. D., 15 de octubre.- Euclides Guti\u00e9rrez F\u00e9lix, miembro fundador del Partido de la Liberaci\u00f3n Dominicana, consider\u00f3 que en los actuales momentos es una obligaci\u00f3n  de todos los pelede\u00edstas trabajar en una sola direcci\u00f3n para que el gobierno del PLD, que preside Danilo Medina, realice una labor que ampl\u00ede y profundice la autoridad y la confianza que la mayor\u00eda del pueblo dominicano ha depositado en ellos.<\/span><\/p>\n<p><span class=\"text1noticias\"> <\/span><\/p>\n<p><span class=\"text1noticias\">Guti\u00e9rrez F\u00e9lix, miembro del Comit\u00e9 Pol\u00edtico, entiende que no existe nada m\u00e1s importante que esa responsabilidad hist\u00f3rica que tienen los pelede\u00edstas en sus manos.<\/span><\/p>\n<p><span class=\"text1noticias\"> <\/span><\/p>\n<p><span class=\"text1noticias\">\u00abParece, lo lamentamos profundamente, que nuestros compa\u00f1eros no se han dado cuenta que fuerzas externas que gravitan en la vida del pueblo dominicano y de otros pueblos de esta regi\u00f3n de hispanoam\u00e9rica, el objetivo que persiguen es desplazar del poder al PLD\u00bb. Adujo.<\/span><\/p>\n<p><span class=\"text1noticias\"> <\/span><\/p>\n<p><span class=\"text1noticias\">Los planteamientos de Euclides Guti\u00e9rrez F\u00e9lix est\u00e1n contenidos en la entrega de esta semana en su columna \u00abCr\u00f3nica del Presente\u00bb, del peri\u00f3dico El Nacional, rese\u00f1ados por la Secretar\u00eda de Comunicaciones del PLD.<\/span><\/p>\n<p><span class=\"text1noticias\"> <\/span><\/p>\n<p><span class=\"text1noticias\">Record\u00f3 que \u00abexternamos nuestra opini\u00f3n cuando prematuramente se dio inicio a la campa\u00f1a electoral interna, convencidos de que no era el momento para lanzarse a esa actividad, distrayendo al PLD de la tarea fundamental a la que est\u00e1 obligado a enfrentar y cumplir\u00bb.<\/span><\/p>\n<p><span class=\"text1noticias\"> <\/span><\/p>\n<p><span class=\"text1noticias\">A su juicio, es vergonzoso que \u00abalgunos compa\u00f1eros est\u00e9n de espalda a la realidad que vive el pueblo y que adem\u00e1s ignoren que estamos en la obligaci\u00f3n de fortalecer al PLD, porque dos PRD no caben en el pa\u00eds\u00bb.<\/span><\/p>\n<p><span class=\"text1noticias\"> <\/span><\/p>\n<p><span class=\"text1noticias\">Precis\u00f3 que en pol\u00edtica lo que m\u00e1s conviene es hablar poco, porque en t\u00e9rminos hist\u00f3ricos, lo que se toma en cuenta son las cosas que se realizan en beneficio de los pueblos, sobre todo cuando son dirigidos por organizaciones como el partido que concibi\u00f3, fund\u00f3 y organiz\u00f3 Juan Bosch, el Gran Maestro pol\u00edtico, dominicano y de Am\u00e9rica.<\/span><\/p>\n<p><span class=\"text1noticias\"> <\/span><\/p>\n<p><span class=\"text1noticias\">No importa cu\u00e1l sea el candidato que aspire a ganar las elecciones y la de obstaculizar el \u00e9xito de la gesti\u00f3n gubernamental del presente gobierno, propagando acusaciones nocivas y difamatorias contra el Estado que fundaron los Trinitarios Republicanos, en febrero del 1844. Actuar de espalda a esa realidad es un acto de inconsecuencia y de irresponsabilidad que lo \u00fanico que genera es la alegr\u00eda de nuestros adversarios que se manifiesta en la radio, en la televisi\u00f3n y los medios escritos, permanentemente.<\/span><\/p>\n<h6> 2014-10-15 02:36:58 <\/h6>\n<p><!--\n<link rel=\"stylesheet\" href=\"css\/bootstrap.min.css\">\n\n\n<ul class=\"pagination\">\n\t    \n\t\n\n<li >\n\t<a href='?page_no=14330'>Previous<\/a>\n\t<\/li>\n\n\n       \n    \n\n<li><a href='?page_no=1'>1<\/a><\/li>\n\n\n\n<li><a href='?page_no=2'>2<\/a><\/li>\n\n\n\n<li><a>...<\/a><\/li>\n\n\n\n<li><a href='?page_no=14329'>14329<\/a><\/li>\n\n\n\n<li><a href='?page_no=14330'>14330<\/a><\/li>\n\n\n\n<li class='active'><a>14331<\/a><\/li>\n\n\n\n<li><a href='?page_no=14332'>14332<\/a><\/li>\n\n\n\n<li><a href='?page_no=14333'>14333<\/a><\/li>\n\n\n\n<li><a>...<\/a><\/li>\n\n\n\n<li><a href='?page_no=36999'>36999<\/a><\/li>\n\n\n\n<li><a href='?page_no=37000'>37000<\/a><\/li>\n\n    \n\t\n\n<li >\n\t<a href='?page_no=14332'>Next<\/a>\n\t<\/li>\n\n\n    \n\n<li><a href='?page_no=37000'>Last &rsaquo;&rsaquo;<\/a><\/li>\n\n<\/ul>\n\n\n--><br \/>\n<\/body><\/p>\n","protected":false},"excerpt":{"rendered":"<p>Santo Domingo, R. D., 15 de octubre.- Euclides Guti\u00e9rrez F\u00e9lix, miembro fundador del Partido de la Liberaci\u00f3n Dominicana, consider\u00f3 que en los actuales momentos es una obligaci\u00f3n de todos los pelede\u00edstas trabajar en una sola direcci\u00f3n para que el gobierno del PLD, que preside Danilo Medina, realice una labor que ampl\u00ede y profundice la autoridad [&hellip;]<\/p>\n","protected":false},"author":3,"featured_media":0,"comment_status":"open","ping_status":"open","sticky":false,"template":"","format":"standard","meta":{"footnotes":""},"categories":[22],"tags":[],"class_list":["post-161869","post","type-post","status-publish","format-standard","hentry","category-politica"],"_links":{"self":[{"href":"https:\/\/diariodominicano.com\/index.php?rest_route=\/wp\/v2\/posts\/161869","targetHints":{"allow":["GET"]}}],"collection":[{"href":"https:\/\/diariodominicano.com\/index.php?rest_route=\/wp\/v2\/posts"}],"about":[{"href":"https:\/\/diariodominicano.com\/index.php?rest_route=\/wp\/v2\/types\/post"}],"author":[{"embeddable":true,"href":"https:\/\/diariodominicano.com\/index.php?rest_route=\/wp\/v2\/users\/3"}],"replies":[{"embeddable":true,"href":"https:\/\/diariodominicano.com\/index.php?rest_route=%2Fwp%2Fv2%2Fcomments&post=161869"}],"version-history":[{"count":0,"href":"https:\/\/diariodominicano.com\/index.php?rest_route=\/wp\/v2\/posts\/161869\/revisions"}],"wp:attachment":[{"href":"https:\/\/diariodominicano.com\/index.php?rest_route=%2Fwp%2Fv2%2Fmedia&parent=161869"}],"wp:term":[{"taxonomy":"category","embeddable":true,"href":"https:\/\/diariodominicano.com\/index.php?rest_route=%2Fwp%2Fv2%2Fcategories&post=161869"},{"taxonomy":"post_tag","embeddable":true,"href":"https:\/\/diariodominicano.com\/index.php?rest_route=%2Fwp%2Fv2%2Ftags&post=161869"}],"curies":[{"name":"wp","href":"https:\/\/api.w.org\/{rel}","templated":true}]}}