{"id":161868,"date":"2014-10-15T02:55:43","date_gmt":"2014-10-15T02:55:43","guid":{"rendered":"http:\/\/diariodominicano.ddns.net\/?p=161868"},"modified":"2014-10-15T02:55:43","modified_gmt":"2014-10-15T02:55:43","slug":"municipes-marchan-en-demanda-de-que-mondesi-renuncie-de-la-alcaldia","status":"publish","type":"post","link":"https:\/\/diariodominicano.com\/?p=161868","title":{"rendered":"Mun\u00edcipes marchan en demanda de que Mondes\u00ed renuncie de la alcald\u00eda"},"content":{"rendered":"<p><body><\/p>\n<p><img decoding=\"async\" src=\"img3\/mondesi.JPG\" \/>  <\/p>\n<p><span class=\"text1noticias\">San Crist\u00f3bal, R.D., 14 de octubre.-La Procuradora Fiscal  del Departamento Judicial de San Crist\u00f3bal, doctora Celeste Reyes, prometi\u00f3 darle curso a un expediente que tiene la Procuradur\u00eda de Prevenci\u00f3n de la Corrupci\u00f3n contra el alcalde Ra\u00fal Mondes\u00ed Avelino.<\/span><\/p>\n<p><span class=\"text1noticias\"> <\/span><\/p>\n<p><span class=\"text1noticias\">La magistrada Celeste Reyes recibi\u00f3 un documento del Comit\u00e9 por la Transparencia Municipal en el que presenta formal denuncia contra el ejecutivo Municipal por supuestamente incurrir en hechos y violaciones de car\u00e1cter penal en su gesti\u00f3n al frente del ayuntamiento de este municipio.<\/span><\/p>\n<p><span class=\"text1noticias\"> <\/span><\/p>\n<p><span class=\"text1noticias\">Expresa el documento que hay un expediente en donde se consigna que fueron vendidos como hierros viejos tractores en buenas condiciones que hoy valen m\u00e1s de treinta millones de pesos, gredal , camiones, ambulancias ,rodillos  funcionando y contenedores de aluminio.<\/span><\/p>\n<p><span class=\"text1noticias\"> <\/span><\/p>\n<p><span class=\"text1noticias\">Se\u00f1alan que la auditor\u00eda enviada por la C\u00e1mara de Cuentas consigna graves anomal\u00edas y dolo en el ayuntamiento y hasta hoy acciones muy t\u00edmidas  y medi\u00e1ticas han sido tomadas ,pero la sociedad y el pueblo de San Crist\u00f3bal esperan verdaderas acciones e investigaci\u00f3n y sometimiento a la justicia penal de los que resulten responsables.<\/span><\/p>\n<p><span class=\"text1noticias\"> <\/span><\/p>\n<p><span class=\"text1noticias\">Los comisionados que fueron recibidos por la Procuradora Fiscal del Departamento Judicial de San Crist\u00f3bal figuran el doctor Manuel Antonio Nina (Pacholy), las regidoras Mercedes Paulino y Nerys S\u00e1nchez y el regidor Diomar De la Rosa, los doctores Pablo Esteves y Elvin S\u00e1nchez, entre otros.<\/span><\/p>\n<p><span class=\"text1noticias\"> <\/span><\/p>\n<p><span class=\"text1noticias\">Los manifestantes representantes de iglesias, juntas de vecinos, fundaciones , partidos pol\u00edticos y asociaciones de mujeres, realizando la caminata por la avenida Libertad y bajando por la Constituci\u00f3n hasta llegar al frente de la Fiscal\u00eda, siendo escoltados por la Polic\u00eda comandada por el coronel Aquino.<\/span><\/p>\n<p><span class=\"text1noticias\"> <\/span><\/p>\n<p><span class=\"text1noticias\">La caminata transcurri\u00f3 en completo orden, pues la polic\u00eda hizo un gran trabajo para impedir las provocaciones a los manifestantes, quienes portaban pancartas y usaban autoparl<\/span>antes.<\/p>\n<h6> 2014-10-15 02:55:43 <\/h6>\n<p><!--\n<link rel=\"stylesheet\" href=\"css\/bootstrap.min.css\">\n\n\n<ul class=\"pagination\">\n\t    \n\t\n\n<li >\n\t<a href='?page_no=14329'>Previous<\/a>\n\t<\/li>\n\n\n       \n    \n\n<li><a href='?page_no=1'>1<\/a><\/li>\n\n\n\n<li><a href='?page_no=2'>2<\/a><\/li>\n\n\n\n<li><a>...<\/a><\/li>\n\n\n\n<li><a href='?page_no=14328'>14328<\/a><\/li>\n\n\n\n<li><a href='?page_no=14329'>14329<\/a><\/li>\n\n\n\n<li class='active'><a>14330<\/a><\/li>\n\n\n\n<li><a href='?page_no=14331'>14331<\/a><\/li>\n\n\n\n<li><a href='?page_no=14332'>14332<\/a><\/li>\n\n\n\n<li><a>...<\/a><\/li>\n\n\n\n<li><a href='?page_no=36999'>36999<\/a><\/li>\n\n\n\n<li><a href='?page_no=37000'>37000<\/a><\/li>\n\n    \n\t\n\n<li >\n\t<a href='?page_no=14331'>Next<\/a>\n\t<\/li>\n\n\n    \n\n<li><a href='?page_no=37000'>Last &rsaquo;&rsaquo;<\/a><\/li>\n\n<\/ul>\n\n\n--><br \/>\n<\/body><\/p>\n","protected":false},"excerpt":{"rendered":"<p>San Crist\u00f3bal, R.D., 14 de octubre.-La Procuradora Fiscal del Departamento Judicial de San Crist\u00f3bal, doctora Celeste Reyes, prometi\u00f3 darle curso a un expediente que tiene la Procuradur\u00eda de Prevenci\u00f3n de la Corrupci\u00f3n contra el alcalde Ra\u00fal Mondes\u00ed Avelino. La magistrada Celeste Reyes recibi\u00f3 un documento del Comit\u00e9 por la Transparencia Municipal en el que presenta [&hellip;]<\/p>\n","protected":false},"author":3,"featured_media":0,"comment_status":"open","ping_status":"open","sticky":false,"template":"","format":"standard","meta":{"footnotes":""},"categories":[22],"tags":[],"class_list":["post-161868","post","type-post","status-publish","format-standard","hentry","category-politica"],"_links":{"self":[{"href":"https:\/\/diariodominicano.com\/index.php?rest_route=\/wp\/v2\/posts\/161868","targetHints":{"allow":["GET"]}}],"collection":[{"href":"https:\/\/diariodominicano.com\/index.php?rest_route=\/wp\/v2\/posts"}],"about":[{"href":"https:\/\/diariodominicano.com\/index.php?rest_route=\/wp\/v2\/types\/post"}],"author":[{"embeddable":true,"href":"https:\/\/diariodominicano.com\/index.php?rest_route=\/wp\/v2\/users\/3"}],"replies":[{"embeddable":true,"href":"https:\/\/diariodominicano.com\/index.php?rest_route=%2Fwp%2Fv2%2Fcomments&post=161868"}],"version-history":[{"count":0,"href":"https:\/\/diariodominicano.com\/index.php?rest_route=\/wp\/v2\/posts\/161868\/revisions"}],"wp:attachment":[{"href":"https:\/\/diariodominicano.com\/index.php?rest_route=%2Fwp%2Fv2%2Fmedia&parent=161868"}],"wp:term":[{"taxonomy":"category","embeddable":true,"href":"https:\/\/diariodominicano.com\/index.php?rest_route=%2Fwp%2Fv2%2Fcategories&post=161868"},{"taxonomy":"post_tag","embeddable":true,"href":"https:\/\/diariodominicano.com\/index.php?rest_route=%2Fwp%2Fv2%2Ftags&post=161868"}],"curies":[{"name":"wp","href":"https:\/\/api.w.org\/{rel}","templated":true}]}}