{"id":161866,"date":"2014-10-15T17:57:40","date_gmt":"2014-10-15T17:57:40","guid":{"rendered":"http:\/\/diariodominicano.ddns.net\/?p=161866"},"modified":"2014-10-15T17:57:40","modified_gmt":"2014-10-15T17:57:40","slug":"embajador-dominicano-en-cuba-propone-plan-integral-de-seguridad-ciudadana","status":"publish","type":"post","link":"https:\/\/diariodominicano.com\/?p=161866","title":{"rendered":"Embajador dominicano en Cuba propone Plan Integral de Seguridad Ciudadana"},"content":{"rendered":"<p><body><\/p>\n<p><img decoding=\"async\" src=\"img3\/beta 15.jpg\" \/>  <\/p>\n<p>Santo Domingo RD 15 octubre.- Jos\u00e9 Manuel Castillo Betances, embajador de Republicana en Cuba, propuso un Plan Integral de Seguridad Ciudadana al dictar la conferencia,  Enfoque Regional: Capital Humano y Seguridad Ciudadana, en el marco de los 476 aniversario de la Universidad Aut\u00f3noma de Santo Domingo.<\/p>\n<\/p>\n<p>El diplom\u00e1tico dominicano, quien es dirigente nacional del Partido de la Liberaci\u00f3n Dominicana (PLD) resalt\u00f3 el esfuerzo de los pa\u00edses de la regi\u00f3n de Am\u00e9rica Latina y el Caribe, por contrarrestar el grave flagelo de la inseguridad ciudadana, pero apunta que la gravedad convoca a un cambio de paradigma, a un nuevo  enfoque integral centrado en el ser humano y  cimentado en seis grandes  pilares, que conlleve la superaci\u00f3n del enfoque meramente polic\u00edaco.<\/p>\n<\/p>\n<p>\u00abPues en la medida en que tenemos ciudadanos y ciudadanas dotados de buena formaci\u00f3n, se reduce el \u00edndice de inseguridad\u00bb, expresa en el embajador en la nota divulgada por el PLD a trav\u00e9s de la Secretar\u00eda de Comunicaciones en la que se rese\u00f1a su exposici\u00f3n ante estudiantes, profesores y empleados de la alta academia.<\/p>\n<\/p>\n<p>Castillo Betances apunto en su conferencia como los seis grandes ejes que deben ser parte estructural de un plan integral de seguridad ciudadana, el desarrollo del capital humano, c\u00f3digo especial contra el crimen complejo, un programa de desarme por la vida, la reforma policial, la reforma carcelaria y la tecnificaci\u00f3n del sistema migratorio, tomando en cuenta el alto nivel de la transnacionalizaci\u00f3n  del crimen.<\/p>\n<\/p>\n<p>Indico que es alarmante el hecho de que la regi\u00f3n, donde reside apenas el 9% de la poblaci\u00f3n mundial, padece casi el 30% de los homicidios que ocurren en el planeta, lo que ha convertido en la zona m\u00e1s peligrosa con una media que cuadruplica la media mundial de 6 homicidios por cada 100 mil habitantes.<\/p>\n<\/p>\n<p>Indic\u00f3 que los pa\u00edses con mayores tasa de homicidios por subregi\u00f3n,  son: Honduras con 91 homicidios por 100 mil habitantes, El Salvador con 69 y Guatemala 39; en Sudam\u00e9rica Venezuela 45, Colombia 31 y Brasil 21; y en el Caribe Belice 41, Jamaica 40, Trinidad &amp; Tobago 35.<\/p>\n<\/p>\n<p>Habl\u00f3 del cost\u00f3 de la delincuencia que seg\u00fan el BID anda por los 16.8 billones de d\u00f3lares, 15 por ciento del producto interno bruto (PIB) de Am\u00e9rica Latina y el Caribe, al se\u00f1alar que el 60% de las empresas de la regi\u00f3n a contratar seguridad privada\u00bb, invirtiendo en esta \u00e1rea entre un 2% y 6% de sus facturaci\u00f3n.<\/p>\n<\/p>\n<p>Entre las causas que generan y agudizan el fen\u00f3meno de la inseguridad ciudadana se encuentran la baja educaci\u00f3n, el desempleo de la juventud que impacta a m\u00e1s de un 25 por ciento, la desarticulaci\u00f3n de la familia, as\u00ed como la deficiente pol\u00edtica de Estado de prevenci\u00f3n del crimen, la iniquidad social y el incremento del tr\u00e1fico de estupefacientes, armas y la impunidad.<\/p>\n<\/p>\n<p>El embajador Castillo Betances ve en la  injusticia  social una de las causas principales de la violencia en Am\u00e9rica Latina y el Caribe donde  Los niveles de precariedad y miseria, colocan la regi\u00f3n como la m\u00e1s desigual del planeta, donde m\u00e1s de un 27,9% de su poblaci\u00f3n vive en condiciones de pobreza y el 11,3 % es indigente.<\/p>\n<\/p>\n<p>\u00abLa situaci\u00f3n m\u00e1s dram\u00e1tica la pobreza infantil que representa  un 40 por ciento de la pobreza regional, impactando a mas de 70 millones de ni\u00f1os, ni\u00f1as y adolescentes\u00bb, refiere Betances a los que define como el ni\u00f1o silvestre de Joan Manuel Serra.<\/p>\n<\/p>\n<p>\u00abConsidero que en nuestra regi\u00f3n, el mayor nivel de prevenci\u00f3n de la criminalidad debe consistir en capacitar a nuestra juventud, lo que terminar\u00e1 sac\u00e1ndola de las calles, llev\u00e1ndola a las empresas y a las f\u00e1bricas.\u00bb, apunta.<\/p>\n<\/p>\n<p>El encuentro que cont\u00f3 con la presencia del Honorable Rector de la alta casa de estudios, Dr. Iv\u00e1n Gru\u00f1\u00f3n, personalidades universitarias y otras autoridades de la casa de altos estudios.<\/p>\n<\/p>\n<h6> 2014-10-15 17:57:40 <\/h6>\n<p><!--\n<link rel=\"stylesheet\" href=\"css\/bootstrap.min.css\">\n\n\n<ul class=\"pagination\">\n\t    \n\t\n\n<li >\n\t<a href='?page_no=14328'>Previous<\/a>\n\t<\/li>\n\n\n       \n    \n\n<li><a href='?page_no=1'>1<\/a><\/li>\n\n\n\n<li><a href='?page_no=2'>2<\/a><\/li>\n\n\n\n<li><a>...<\/a><\/li>\n\n\n\n<li><a href='?page_no=14327'>14327<\/a><\/li>\n\n\n\n<li><a href='?page_no=14328'>14328<\/a><\/li>\n\n\n\n<li class='active'><a>14329<\/a><\/li>\n\n\n\n<li><a href='?page_no=14330'>14330<\/a><\/li>\n\n\n\n<li><a href='?page_no=14331'>14331<\/a><\/li>\n\n\n\n<li><a>...<\/a><\/li>\n\n\n\n<li><a href='?page_no=36999'>36999<\/a><\/li>\n\n\n\n<li><a href='?page_no=37000'>37000<\/a><\/li>\n\n    \n\t\n\n<li >\n\t<a href='?page_no=14330'>Next<\/a>\n\t<\/li>\n\n\n    \n\n<li><a href='?page_no=37000'>Last &rsaquo;&rsaquo;<\/a><\/li>\n\n<\/ul>\n\n\n--><br \/>\n<\/body><\/p>\n","protected":false},"excerpt":{"rendered":"<p>Santo Domingo RD 15 octubre.- Jos\u00e9 Manuel Castillo Betances, embajador de Republicana en Cuba, propuso un Plan Integral de Seguridad Ciudadana al dictar la conferencia, Enfoque Regional: Capital Humano y Seguridad Ciudadana, en el marco de los 476 aniversario de la Universidad Aut\u00f3noma de Santo Domingo. El diplom\u00e1tico dominicano, quien es dirigente nacional del Partido [&hellip;]<\/p>\n","protected":false},"author":3,"featured_media":0,"comment_status":"open","ping_status":"open","sticky":false,"template":"","format":"standard","meta":{"footnotes":""},"categories":[22],"tags":[],"class_list":["post-161866","post","type-post","status-publish","format-standard","hentry","category-politica"],"_links":{"self":[{"href":"https:\/\/diariodominicano.com\/index.php?rest_route=\/wp\/v2\/posts\/161866","targetHints":{"allow":["GET"]}}],"collection":[{"href":"https:\/\/diariodominicano.com\/index.php?rest_route=\/wp\/v2\/posts"}],"about":[{"href":"https:\/\/diariodominicano.com\/index.php?rest_route=\/wp\/v2\/types\/post"}],"author":[{"embeddable":true,"href":"https:\/\/diariodominicano.com\/index.php?rest_route=\/wp\/v2\/users\/3"}],"replies":[{"embeddable":true,"href":"https:\/\/diariodominicano.com\/index.php?rest_route=%2Fwp%2Fv2%2Fcomments&post=161866"}],"version-history":[{"count":0,"href":"https:\/\/diariodominicano.com\/index.php?rest_route=\/wp\/v2\/posts\/161866\/revisions"}],"wp:attachment":[{"href":"https:\/\/diariodominicano.com\/index.php?rest_route=%2Fwp%2Fv2%2Fmedia&parent=161866"}],"wp:term":[{"taxonomy":"category","embeddable":true,"href":"https:\/\/diariodominicano.com\/index.php?rest_route=%2Fwp%2Fv2%2Fcategories&post=161866"},{"taxonomy":"post_tag","embeddable":true,"href":"https:\/\/diariodominicano.com\/index.php?rest_route=%2Fwp%2Fv2%2Ftags&post=161866"}],"curies":[{"name":"wp","href":"https:\/\/api.w.org\/{rel}","templated":true}]}}