{"id":161865,"date":"2014-10-15T18:30:01","date_gmt":"2014-10-15T18:30:01","guid":{"rendered":"http:\/\/diariodominicano.ddns.net\/?p=161865"},"modified":"2014-10-15T18:30:01","modified_gmt":"2014-10-15T18:30:01","slug":"jueces-del-tse-observan-elecciones-de-bolivia-y-foro-por-la-democracia-en-mexico","status":"publish","type":"post","link":"https:\/\/diariodominicano.com\/?p=161865","title":{"rendered":"&#13;&#13;Jueces del TSE observan elecciones de Bolivia y foro por la democracia en M\u00e9xico"},"content":{"rendered":"<p><body><\/p>\n<\/p>\n<\/p>\n<p><span class=\"text1noticias\">Santo Domingo, RD, 15 de octubre.- .-Los jueces  del Tribunal Superior Electoral (TSE) Marino Mendoza Rodr\u00edguez y John Guilliani Valenzuela participaron en las elecciones de Bolivia  y el V Foro de la Democracia Latinoamericana denominado \u00abgobernabilidad  de la democracia ciudadana\u00bb, realizado en M\u00e9xico.<\/span><\/p>\n<\/p>\n<p><span class=\"text1noticias\">Mendoza Rodr\u00edguez, quien actu\u00f3 como observador del TSE y de la Uni\u00f3n Interamericana de Organismos Electorales (UNIORE) asegur\u00f3 que la gran   participaci\u00f3n  del electorado  y la transparencia que caracteriz\u00f3 el proceso electoral  del pasado domingo en Bolivia, contribuyeron a fortalecer la democracia en ese pa\u00eds.  <\/span><\/p>\n<\/p>\n<p><span class=\"text1noticias\">\u00abLuego de esas votaciones, a Bolivia le espera un crecimiento impresionante  de su democracia\u00bb manifest\u00f3 el magistrado  quien comparti\u00f3 su labor de observador con representantes de la Organizaci\u00f3n  de Estados Americanos, la Uni\u00f3n Europea y las Naciones Unidas.<\/span><\/p>\n<\/p>\n<p><span class=\"text1noticias\">En esos comicios   se eligi\u00f3 al Presidente de la Rep\u00fablica, vicepresidente, senadores, diputados y representantes supraestatales del Estado Plurinacional.<\/span><\/p>\n<\/p>\n<p><span class=\"text1noticias\">En tanto, el juez John Guilliani Valenzuela  dijo que en el evento que particip\u00f3  en M\u00e9xico se analizaron   temas como: crecimiento  y desarrollo social, l\u00edmites y alcances de la democracia, democracia en deuda, c\u00f3mo afrontar  la pobreza y la marginalidad social  y  la desigualdad social en democracia, contenidos \u00e9ticos  culturales.<\/span><\/p>\n<\/p>\n<p><span class=\"text1noticias\">Judializacion  de la pol\u00edtica, el rol de los tribunales constitucionales en el fortalecimiento de la democracia, mujeres y pol\u00edtica, clientelismo y democracia y las protestas sociales en Internet, tambi\u00e9n fueron parte  de los temas que se discutieron  en el encuentro.<\/span><\/p>\n<\/p>\n<p><span class=\"text1noticias\"> Enrique V. Iglesias, Secretario General Iberoamericano; Julio Mar\u00eda Sanguinetti, ex Presidente de Uruguay y Ricardo Lagos, ex Presidente de Chile, fueron parte de los disertantes.<\/span><\/p>\n<\/p>\n<h6> 2014-10-15 18:30:01 <\/h6>\n<p><!--\n<link rel=\"stylesheet\" href=\"css\/bootstrap.min.css\">\n\n\n<ul class=\"pagination\">\n\t    \n\t\n\n<li >\n\t<a href='?page_no=14327'>Previous<\/a>\n\t<\/li>\n\n\n       \n    \n\n<li><a href='?page_no=1'>1<\/a><\/li>\n\n\n\n<li><a href='?page_no=2'>2<\/a><\/li>\n\n\n\n<li><a>...<\/a><\/li>\n\n\n\n<li><a href='?page_no=14326'>14326<\/a><\/li>\n\n\n\n<li><a href='?page_no=14327'>14327<\/a><\/li>\n\n\n\n<li class='active'><a>14328<\/a><\/li>\n\n\n\n<li><a href='?page_no=14329'>14329<\/a><\/li>\n\n\n\n<li><a href='?page_no=14330'>14330<\/a><\/li>\n\n\n\n<li><a>...<\/a><\/li>\n\n\n\n<li><a href='?page_no=36999'>36999<\/a><\/li>\n\n\n\n<li><a href='?page_no=37000'>37000<\/a><\/li>\n\n    \n\t\n\n<li >\n\t<a href='?page_no=14329'>Next<\/a>\n\t<\/li>\n\n\n    \n\n<li><a href='?page_no=37000'>Last &rsaquo;&rsaquo;<\/a><\/li>\n\n<\/ul>\n\n\n--><br \/>\n<\/body><\/p>\n","protected":false},"excerpt":{"rendered":"<p>Santo Domingo, RD, 15 de octubre.- .-Los jueces del Tribunal Superior Electoral (TSE) Marino Mendoza Rodr\u00edguez y John Guilliani Valenzuela participaron en las elecciones de Bolivia y el V Foro de la Democracia Latinoamericana denominado \u00abgobernabilidad de la democracia ciudadana\u00bb, realizado en M\u00e9xico. Mendoza Rodr\u00edguez, quien actu\u00f3 como observador del TSE y de la Uni\u00f3n [&hellip;]<\/p>\n","protected":false},"author":3,"featured_media":0,"comment_status":"open","ping_status":"open","sticky":false,"template":"","format":"standard","meta":{"footnotes":""},"categories":[22],"tags":[],"class_list":["post-161865","post","type-post","status-publish","format-standard","hentry","category-politica"],"_links":{"self":[{"href":"https:\/\/diariodominicano.com\/index.php?rest_route=\/wp\/v2\/posts\/161865","targetHints":{"allow":["GET"]}}],"collection":[{"href":"https:\/\/diariodominicano.com\/index.php?rest_route=\/wp\/v2\/posts"}],"about":[{"href":"https:\/\/diariodominicano.com\/index.php?rest_route=\/wp\/v2\/types\/post"}],"author":[{"embeddable":true,"href":"https:\/\/diariodominicano.com\/index.php?rest_route=\/wp\/v2\/users\/3"}],"replies":[{"embeddable":true,"href":"https:\/\/diariodominicano.com\/index.php?rest_route=%2Fwp%2Fv2%2Fcomments&post=161865"}],"version-history":[{"count":0,"href":"https:\/\/diariodominicano.com\/index.php?rest_route=\/wp\/v2\/posts\/161865\/revisions"}],"wp:attachment":[{"href":"https:\/\/diariodominicano.com\/index.php?rest_route=%2Fwp%2Fv2%2Fmedia&parent=161865"}],"wp:term":[{"taxonomy":"category","embeddable":true,"href":"https:\/\/diariodominicano.com\/index.php?rest_route=%2Fwp%2Fv2%2Fcategories&post=161865"},{"taxonomy":"post_tag","embeddable":true,"href":"https:\/\/diariodominicano.com\/index.php?rest_route=%2Fwp%2Fv2%2Ftags&post=161865"}],"curies":[{"name":"wp","href":"https:\/\/api.w.org\/{rel}","templated":true}]}}