{"id":161864,"date":"2014-10-15T21:42:39","date_gmt":"2014-10-15T21:42:39","guid":{"rendered":"http:\/\/diariodominicano.ddns.net\/?p=161864"},"modified":"2014-10-15T21:42:39","modified_gmt":"2014-10-15T21:42:39","slug":"reinaldo-pared-si-hay-algo-que-el-pueblo-debe-reelegir-es-el-estilo-de-gobierno-de-danilo-medina-yo-seguire-ese-estilo","status":"publish","type":"post","link":"https:\/\/diariodominicano.com\/?p=161864","title":{"rendered":"Reinaldo Pared: \u00abSi hay algo que el pueblo debe reelegir es el estilo de gobierno de Danilo Medina; yo seguir\u00e9 ese estilo\u00bb"},"content":{"rendered":"<p><body><\/p>\n<p><img decoding=\"async\" src=\"img3\/Reinaldo.jpg\" \/>  <\/p>\n<p><span class=\"text1noticias\">Santo Domingo, RD, 15 de octubre.-El aspirante presidencial Reinaldo Pared P\u00e9rez manifest\u00f3 este mi\u00e9rcoles que si hay algo que el pueblo dominicano debe reelegir es el estilo de gobernar del presidente Danilo Medina, lo cual \u00e9l encarna y continuar\u00e1 como Presidente a partir del 16 de agosto del 2016, y garantiz\u00f3 continuar una trayectoria de no hacer nada que pueda avergonzar a ning\u00fan dirigente ni militante del Partido de la Liberaci\u00f3n Dominicana (PLD).<\/span><\/p>\n<p><span class=\"text1noticias\"> <\/span><\/p>\n<p><span class=\"text1noticias\">El secretario general del PLD y senador por el Distrito Nacional afirm\u00f3 que eligi\u00e9ndolo como candidato y, luego, como Presidente, la sociedad dominicana tendr\u00e1 la garant\u00eda de que ser\u00e1 un gobernante cercano al pueblo -igual como lo es Danilo Medina-, que escuchar\u00e1 a la gente y buscar\u00e1 soluciones a los problemas fundamentales de la sociedad, para avanzar hacia un pa\u00eds donde la gente logre mejores condiciones de vida.<\/span><\/p>\n<p><span class=\"text1noticias\"> <\/span><\/p>\n<p><span class=\"text1noticias\">Al comparecer como invitado del programa Hoy Mismo, de Color Visi\u00f3n, primer espacio de televisi\u00f3n al que acude despu\u00e9s de que inici\u00f3 su campa\u00f1a por la nominaci\u00f3n presidencial del PLD el 17 de febrero pasado, el doctor Pared P\u00e9rez tambi\u00e9n fue enf\u00e1tico al manifestar que ning\u00fan pelede\u00edsta puede avergonzarse de \u00e9l como dirigente pol\u00edtico, y puntualiz\u00f3 que el profesor Juan Bosch se sentir\u00eda orgulloso de \u00e9l, pues jam\u00e1s se ha alejado, ni se alejar\u00e1, de la formaci\u00f3n que recibi\u00f3 de ese gran maestro de la pol\u00edtica dominicana.<\/span><\/p>\n<\/p>\n<p><span class=\"text1noticias\">\u00abSi hay algo que debe reelegirse es el estilo de gobernar del presidente Danilo Medina, esa cercan\u00eda con el pueblo, esa forma de escuchar, de buscar soluciones. Yo seguir\u00e9 esa norma, ese estilo\u00bb, respondi\u00f3 el aspirante presidencial, quien puntualiz\u00f3 que cuando le toque gobernar, a partir del 2016, tomar\u00e1 lo positivo de los gobiernos del PLD y lo aplicar\u00e1 a favor del pueblo, como una forma de lograr el desarrollo del pa\u00eds y el bienestar de todos.<\/span><\/p>\n<\/p>\n<p><span class=\"text1noticias\">El doctor Pared P\u00e9rez manifest\u00f3 que en cada recorrido por las provincias y sus municipios, as\u00ed como en el exterior del pa\u00eds, escucha a la gente para conocer cu\u00e1les son sus principales problemas, sus prioridades, para comenzar a solucionar esos problemas tan pronto se juramente como Presidente, y dar\u00e1 continuidad a los programas que implementa el gobierno de Medina en procura de solucionar problemas fundamentales como la salud, la educaci\u00f3n, generaci\u00f3n de empleos, energ\u00eda el\u00e9ctrica, producci\u00f3n agropecuaria, entre otros.<\/span><\/p>\n<\/p>\n<p><span class=\"text1noticias\">El aspirante presidencial dej\u00f3 claro que cuenta con el favor de la mayor\u00eda de los pelede\u00edstas, lo cual se manifiesta en cada uno de los recorridos por los pueblos con el respaldo que recibe de la dirigencia y la militancia del PLD, de dirigentes de partidos aliados y representantes de la sociedad civil que aspiran a que se mantenga el modelo de gobierno actual y que \u00e9l se ha comprometido a continuar.<\/span><\/p>\n<p><span class=\"text1noticias\"> <\/span><\/p>\n<p><span class=\"text1noticias\">Preguntado en torno a si los aspirantes presidenciales por el PLD mantienen buenas relaciones,  el senador por el Distrito Nacional record\u00f3 que recientemente se reuni\u00f3 con Francisco Javier Garc\u00eda y Juan Tem\u00edstocles Mont\u00e1s, y se ha programado una nueva reuni\u00f3n en la que, adem\u00e1s de ellos tres, participar\u00e1 Radham\u00e9s Segura. A\u00f1adi\u00f3 que si otros oficializan sus aspiraciones no ve reparo en que tambi\u00e9n se sumen a estos di\u00e1logos.<\/span><\/p>\n<p><span class=\"text1noticias\"> <\/span><\/p>\n<p><span class=\"text1noticias\">El doctor Pared P\u00e9rez explic\u00f3 que con estos encuentros se busca dejar claro ante el pa\u00eds que en el Partido de la Liberaci\u00f3n Dominicana (PLD) siempre hay unidad, sin importar los resultados de un proceso interno, y que lo m\u00e1s importante son las acciones que se puedan tomar desde la direcci\u00f3n del Estado para mejorar las condiciones de vida de la mayor\u00eda de los dominicanos.<\/span><\/p>\n<p><span class=\"text1noticias\">  <\/span><\/p>\n<p><span class=\"text1noticias\">Tema haitiano, en la agenda nacional<\/span><\/p>\n<p><span class=\"text1noticias\"> <\/span><\/p>\n<p><span class=\"text1noticias\">Por otro lado, el aspirante presidencial manifest\u00f3 que en su gobierno el tema haitiano estar\u00e1 de manera permanentemente en la agenda nacional, pues, a su juicio, se trata de una situaci\u00f3n a la que hay que darle mayor car\u00e1cter para evitar que la Rep\u00fablica Dominicana siga cargando con la pesada carga que esto le representa.<\/span><\/p>\n<\/p>\n<p><span class=\"text1noticias\">Reconoci\u00f3 que el presidente Danilo Medina y su gobierno han hecho ingentes esfuerzos por corregir la irresponsabilidad de casi todos los gobiernos frente al caso haitiano (inmigraci\u00f3n desordenada de miles de haitianos), pero cree necesario enfrentar con mayor car\u00e1cter.<\/span><\/p>\n<\/p>\n<p><span class=\"text1noticias\">\u00abDurante d\u00e9cadas, desde las esferas gubernamentales ha habido mucha irresponsabilidad en cuanto al caso haitiano, pero este es un tema que debe estar permanentemente en la agenda nacional y es lo que yo har\u00e9 desde la Presidencia de la Rep\u00fablica. No sacar\u00e9 el tema haitiano de la agenda nacional, pues a esto hay que darle mucho car\u00e1cter, para poder enfrentar la demagogia y el chantaje de algunos sectores que quieren sacar otros provechos de este tema\u00bb, dijo Pared P\u00e9rez.<\/span><\/p>\n<\/p>\n<p><span class=\"text1noticias\">Pacto El\u00e9ctrico<\/span><\/p>\n<\/p>\n<p><span class=\"text1noticias\">El Partido de la Liberaci\u00f3n Dominicana (PLD) salud\u00f3 este d\u00eda la emisi\u00f3n del decreto 389-14, emitido por el presidente Danilo Medina, convocando el Consejo Econ\u00f3mico, Social e Institucional (CES), instituciones gubernamentales, organizaciones de la sociedad civil, personalidades y expertos para el Pacto Nacional para la Reforma del Sector El\u00e9ctrico.<\/span><\/p>\n<\/p>\n<p><span class=\"text1noticias\">Mediante Reinaldo Pared P\u00e9rez, su secretario general, el PLD considera que es oportuna la convocatoria del Jefe del Estado porque se hace m\u00e1s que imprescindible este acuerdo general que supere las deficiencias del servicio energ\u00e9tico y su alto costo.<\/span><\/p>\n<\/p>\n<p><span class=\"text1noticias\">\u00abSaludamos el decreto emitido por el Presidente de la Rep\u00fablica que convoca a la naci\u00f3n dominicana a la concertaci\u00f3n de un pacto el\u00e9ctrico\u00bb declar\u00f3 Pared P\u00e9rez a sus entrevistadores del programa de televisi\u00f3n Hoy mismo y que la Secretaria de Comunicaciones del PLD rese\u00f1a en un parte de prensa.<\/span><\/p>\n<\/p>\n<p><span class=\"text1noticias\">Se precisa en el decreto que la concreci\u00f3n de este pacto deber\u00e1 concluir en un plazo de seis meses, a partir del acto inaugural del evento.<\/span><\/p>\n<\/p>\n<p><span class=\"text1noticias\">El decreto pone en manos de los ministros de la Presidencia y de Econom\u00eda, y del ministro sin Cartera Antonio Isa Conde, la coordinaci\u00f3n y la definici\u00f3n de la metodolog\u00eda del proceso que estar\u00e1 a cargo de un comit\u00e9 en el que participar\u00e1n tambi\u00e9n el ministro de Energ\u00eda y Minas; el vicepresidente ejecutivo de la Corporaci\u00f3n Dominicana de Empresas El\u00e9ctricas Estatales (CEDEEE), el director ejecutivo de la Comisi\u00f3n Nacional de Energ\u00eda y el Superintendente de Electricidad. Adem\u00e1s, habr\u00e1 un Comit\u00e9 T\u00e9cnico de apoyo que organizar\u00e1 la log\u00edstica y dar\u00e1 respuesta a cualquier necesidad que surja durante el proceso.<\/span><\/p>\n<\/p>\n<p><span class=\"text1noticias\">\u00abAun sea un imperativo que lo manda a observar  la Ley 1-12 de la Ley de Estrategia Nacional de Desarrollo, saludamos la emisi\u00f3n del decreto del Presidente de la Republica\u00bb declar\u00f3 Pared P\u00e9rez.<\/span><\/p>\n<\/p>\n<p><span class=\"text1noticias\">El Pacto El\u00e9ctrico, que refiere el decreto del ejecutivo est\u00e1 contemplado en el art\u00edculo 35 de la Ley 1-12 que establece la Estrategia Nacional de Desarrollo (END), y que invita a las fuerzas pol\u00edticas, econ\u00f3micas y sociales a la b\u00fasqueda de soluciones a la crisis estructural del sector el\u00e9ctrico.<\/span><\/p>\n<\/p>\n<p><span class=\"text1noticias\">En otra parte de la entrevista y abordando el tema partidario,  Reinaldo Pared P\u00e9rez inform\u00f3 que se propone reunirse con el Presidente de la organizaci\u00f3n , Leonel Fern\u00e1ndez, para conformar una comisi\u00f3n de miembros del Comit\u00e9 Pol\u00edtico que busque una soluci\u00f3n a la diferencia de los dirigentes del PLD en la provincia Dajab\u00f3n.<\/span><\/p>\n<\/p>\n<p><span class=\"text1noticias\">Se conoce, porque se ha hecho p\u00fablico en los medios de comunicaci\u00f3n,  de las diferencias entre la senadora de la provincia fronteriza, Sonia Mateo y Olgo Fern\u00e1ndez, ambos miembros del Comit\u00e9 Central.<\/span><\/p>\n<\/p>\n<p><span class=\"text1noticias\">Pared P\u00e9rez, entiende tambi\u00e9n  que debe mejorar sustancialmente la relaci\u00f3n Partido-Gobierno, que en algunos casos han estado maltrecha, sugiriendo la adopci\u00f3n de mecanismos adecuados para ello, dado el respaldo mutuo que debe existir en la organizaci\u00f3n pol\u00edtica a la gesti\u00f3n de gobierno y viceversa.(HG)<\/span>.<\/p>\n<h6> 2014-10-15 21:42:39 <\/h6>\n<p><!--\n<link rel=\"stylesheet\" href=\"css\/bootstrap.min.css\">\n\n\n<ul class=\"pagination\">\n\t    \n\t\n\n<li >\n\t<a href='?page_no=14326'>Previous<\/a>\n\t<\/li>\n\n\n       \n    \n\n<li><a href='?page_no=1'>1<\/a><\/li>\n\n\n\n<li><a href='?page_no=2'>2<\/a><\/li>\n\n\n\n<li><a>...<\/a><\/li>\n\n\n\n<li><a href='?page_no=14325'>14325<\/a><\/li>\n\n\n\n<li><a href='?page_no=14326'>14326<\/a><\/li>\n\n\n\n<li class='active'><a>14327<\/a><\/li>\n\n\n\n<li><a href='?page_no=14328'>14328<\/a><\/li>\n\n\n\n<li><a href='?page_no=14329'>14329<\/a><\/li>\n\n\n\n<li><a>...<\/a><\/li>\n\n\n\n<li><a href='?page_no=36999'>36999<\/a><\/li>\n\n\n\n<li><a href='?page_no=37000'>37000<\/a><\/li>\n\n    \n\t\n\n<li >\n\t<a href='?page_no=14328'>Next<\/a>\n\t<\/li>\n\n\n    \n\n<li><a href='?page_no=37000'>Last &rsaquo;&rsaquo;<\/a><\/li>\n\n<\/ul>\n\n\n--><br \/>\n<\/body><\/p>\n","protected":false},"excerpt":{"rendered":"<p>Santo Domingo, RD, 15 de octubre.-El aspirante presidencial Reinaldo Pared P\u00e9rez manifest\u00f3 este mi\u00e9rcoles que si hay algo que el pueblo dominicano debe reelegir es el estilo de gobernar del presidente Danilo Medina, lo cual \u00e9l encarna y continuar\u00e1 como Presidente a partir del 16 de agosto del 2016, y garantiz\u00f3 continuar una trayectoria de [&hellip;]<\/p>\n","protected":false},"author":3,"featured_media":0,"comment_status":"open","ping_status":"open","sticky":false,"template":"","format":"standard","meta":{"footnotes":""},"categories":[22],"tags":[],"class_list":["post-161864","post","type-post","status-publish","format-standard","hentry","category-politica"],"_links":{"self":[{"href":"https:\/\/diariodominicano.com\/index.php?rest_route=\/wp\/v2\/posts\/161864","targetHints":{"allow":["GET"]}}],"collection":[{"href":"https:\/\/diariodominicano.com\/index.php?rest_route=\/wp\/v2\/posts"}],"about":[{"href":"https:\/\/diariodominicano.com\/index.php?rest_route=\/wp\/v2\/types\/post"}],"author":[{"embeddable":true,"href":"https:\/\/diariodominicano.com\/index.php?rest_route=\/wp\/v2\/users\/3"}],"replies":[{"embeddable":true,"href":"https:\/\/diariodominicano.com\/index.php?rest_route=%2Fwp%2Fv2%2Fcomments&post=161864"}],"version-history":[{"count":0,"href":"https:\/\/diariodominicano.com\/index.php?rest_route=\/wp\/v2\/posts\/161864\/revisions"}],"wp:attachment":[{"href":"https:\/\/diariodominicano.com\/index.php?rest_route=%2Fwp%2Fv2%2Fmedia&parent=161864"}],"wp:term":[{"taxonomy":"category","embeddable":true,"href":"https:\/\/diariodominicano.com\/index.php?rest_route=%2Fwp%2Fv2%2Fcategories&post=161864"},{"taxonomy":"post_tag","embeddable":true,"href":"https:\/\/diariodominicano.com\/index.php?rest_route=%2Fwp%2Fv2%2Ftags&post=161864"}],"curies":[{"name":"wp","href":"https:\/\/api.w.org\/{rel}","templated":true}]}}