{"id":161862,"date":"2014-10-16T14:30:27","date_gmt":"2014-10-16T14:30:27","guid":{"rendered":"http:\/\/diariodominicano.ddns.net\/?p=161862"},"modified":"2014-10-16T14:30:27","modified_gmt":"2014-10-16T14:30:27","slug":"luis-abinader-califica-de-avance-decision-de-transferir-fondos-del-barrilito","status":"publish","type":"post","link":"https:\/\/diariodominicano.com\/?p=161862","title":{"rendered":"Luis Abinader califica de avance decisi\u00f3n de transferir fondos del \u00abBarrilito\u00bb"},"content":{"rendered":"<p><body><\/p>\n<p><img decoding=\"async\" src=\"img3\/luis 16.jpg\" \/>  <\/p>\n<p>Santo Domingo RD 16 octubre- El precandidato presidencial del Partido Revolucionario Moderno (PRM) Luis Abinader, consider\u00f3 que la decisi\u00f3n de la presidencia de la C\u00e1mara de Diputados de transferir los fondos de gesti\u00f3n social de ese organismo a hospitales p\u00fablicos es un paso de avance.<\/p>\n<\/p>\n<p>Abog\u00f3 por que la medida sea extendida a los cuantiosos recursos que dijo manejan los senadores  a trav\u00e9s del llamado \u00abbarrilito\u00bb y que sea institucionalizada a trav\u00e9s del pr\u00f3ximo Presupuesto Nacional.<\/p>\n<\/p>\n<p>\u00abCelebramos que esta decisi\u00f3n haya sido adoptada pocas horas despu\u00e9s de nuestra propuesta p\u00fablica de que se traspase  el 30 por ciento de los fondos del Congreso al Ministerio de Salud P\u00fablica\u00bb, expres\u00f3.<\/p>\n<\/p>\n<p>Dijo que es  justo reconocer que los diputados apenas reciben 50 mil pesos mensuales como fondo de gesti\u00f3n social, mientras que los senadores manejan entre 650 mil y m\u00e1s de un mill\u00f3n de pesos mensuales por concepto del barrilito.<\/p>\n<\/p>\n<p>\u00abEsos recursos en muchos casos son manejados de manera politiquera y sin ning\u00fan criterio de prioridad social por parte de los senadores, en violaci\u00f3n de un precepto constitucional que le asigna ese tipo de tareas a otras instancias del Estado Dominicano\u00bb, expuso.<\/p>\n<\/p>\n<p>Abinader reafirm\u00f3 su posici\u00f3n durante una rueda de prensa en la que recibi\u00f3 el respaldo del diputado de La Romana, Eugenio Cede\u00f1o, uno de los principales dirigentes del PRM en esa provincia.<\/p>\n<h6> 2014-10-16 14:30:27 <\/h6>\n<p><!--\n<link rel=\"stylesheet\" href=\"css\/bootstrap.min.css\">\n\n\n<ul class=\"pagination\">\n\t    \n\t\n\n<li >\n\t<a href='?page_no=14324'>Previous<\/a>\n\t<\/li>\n\n\n       \n    \n\n<li><a href='?page_no=1'>1<\/a><\/li>\n\n\n\n<li><a href='?page_no=2'>2<\/a><\/li>\n\n\n\n<li><a>...<\/a><\/li>\n\n\n\n<li><a href='?page_no=14323'>14323<\/a><\/li>\n\n\n\n<li><a href='?page_no=14324'>14324<\/a><\/li>\n\n\n\n<li class='active'><a>14325<\/a><\/li>\n\n\n\n<li><a href='?page_no=14326'>14326<\/a><\/li>\n\n\n\n<li><a href='?page_no=14327'>14327<\/a><\/li>\n\n\n\n<li><a>...<\/a><\/li>\n\n\n\n<li><a href='?page_no=36999'>36999<\/a><\/li>\n\n\n\n<li><a href='?page_no=37000'>37000<\/a><\/li>\n\n    \n\t\n\n<li >\n\t<a href='?page_no=14326'>Next<\/a>\n\t<\/li>\n\n\n    \n\n<li><a href='?page_no=37000'>Last &rsaquo;&rsaquo;<\/a><\/li>\n\n<\/ul>\n\n\n--><br \/>\n<\/body><\/p>\n","protected":false},"excerpt":{"rendered":"<p>Santo Domingo RD 16 octubre- El precandidato presidencial del Partido Revolucionario Moderno (PRM) Luis Abinader, consider\u00f3 que la decisi\u00f3n de la presidencia de la C\u00e1mara de Diputados de transferir los fondos de gesti\u00f3n social de ese organismo a hospitales p\u00fablicos es un paso de avance. Abog\u00f3 por que la medida sea extendida a los cuantiosos [&hellip;]<\/p>\n","protected":false},"author":3,"featured_media":0,"comment_status":"open","ping_status":"open","sticky":false,"template":"","format":"standard","meta":{"footnotes":""},"categories":[22],"tags":[],"class_list":["post-161862","post","type-post","status-publish","format-standard","hentry","category-politica"],"_links":{"self":[{"href":"https:\/\/diariodominicano.com\/index.php?rest_route=\/wp\/v2\/posts\/161862","targetHints":{"allow":["GET"]}}],"collection":[{"href":"https:\/\/diariodominicano.com\/index.php?rest_route=\/wp\/v2\/posts"}],"about":[{"href":"https:\/\/diariodominicano.com\/index.php?rest_route=\/wp\/v2\/types\/post"}],"author":[{"embeddable":true,"href":"https:\/\/diariodominicano.com\/index.php?rest_route=\/wp\/v2\/users\/3"}],"replies":[{"embeddable":true,"href":"https:\/\/diariodominicano.com\/index.php?rest_route=%2Fwp%2Fv2%2Fcomments&post=161862"}],"version-history":[{"count":0,"href":"https:\/\/diariodominicano.com\/index.php?rest_route=\/wp\/v2\/posts\/161862\/revisions"}],"wp:attachment":[{"href":"https:\/\/diariodominicano.com\/index.php?rest_route=%2Fwp%2Fv2%2Fmedia&parent=161862"}],"wp:term":[{"taxonomy":"category","embeddable":true,"href":"https:\/\/diariodominicano.com\/index.php?rest_route=%2Fwp%2Fv2%2Fcategories&post=161862"},{"taxonomy":"post_tag","embeddable":true,"href":"https:\/\/diariodominicano.com\/index.php?rest_route=%2Fwp%2Fv2%2Ftags&post=161862"}],"curies":[{"name":"wp","href":"https:\/\/api.w.org\/{rel}","templated":true}]}}