{"id":161861,"date":"2014-10-16T14:56:48","date_gmt":"2014-10-16T14:56:48","guid":{"rendered":"http:\/\/diariodominicano.ddns.net\/?p=161861"},"modified":"2014-10-16T14:56:48","modified_gmt":"2014-10-16T14:56:48","slug":"piden-intervencion-comite-politico-ante-enfrentamientos-entre-aspirantes-a-senador","status":"publish","type":"post","link":"https:\/\/diariodominicano.com\/?p=161861","title":{"rendered":"Piden intervenci\u00f3n Comit\u00e9 Pol\u00edtico ante enfrentamientos entre aspirantes a senador&#13;"},"content":{"rendered":"<p><body><\/p>\n<p><img decoding=\"async\" src=\"img3\/mateo 16.jpg\" \/>  <\/p>\n<p>Piden intervenci\u00f3n Comit\u00e9 Pol\u00edtico ante enfrentamientos entre aspirantes a senador<\/p>\n<\/p>\n<p>BARAHONA.- El Presidente del Comit\u00e9 Provincial del Partido de la Liberaci\u00f3n Dominicana (PLD) y senador Eddy Mateo V\u00e1squez, pidi\u00f3 la intervenci\u00f3n del comit\u00e9 pol\u00edtico de la organizaci\u00f3n ante los enfrentamientos que se han suscitado en los \u00faltimos d\u00edas entre aspirantes a cargos congresuales en esta ciudad.<\/p>\n<\/p>\n<p>Mateo V\u00e1squez, considero que las denuncias, los  descalificativos y las acusaciones y contraacusaciones entre el gobernador Pedro Pena Rubio y el Ministro de Industria y Comercio, Jos\u00e9 del Castillo Savi\u00f1\u00f3n, ambos aspirantes a senador, en nada contribuyen a la unidad interna en el partido morado y manda un mensaje negativo hacia los dirigentes medios y de base.<\/p>\n<\/p>\n<p>Estimo que el comit\u00e9 pol\u00edtico  debe intervenir y evitar que enfrentamientos como el acontecido entre  Pena Rubio y del Castillo Savi\u00f1\u00f3n, hacen da\u00f1o al partido y al gobierno y alejan la unidad como elemento que garantiza los \u00e9xitos del PLD en los \u00faltimos 5 procesos eleccionarios que ha ganado la entidad oficialista.<\/p>\n<\/p>\n<p>En d\u00edas pasados  el gobernador Pe\u00f1a Rubio, acus\u00f3 a del Castillo Savi\u00f1\u00f3n, de tener nombrados en esta ciudad, m\u00e1s de mil empleados, a pesar de que no tiene una oficina en esta ciudad.<\/p>\n<\/p>\n<p>Mientras que del Castillo Savi\u00f1\u00f3n atribuy\u00f3 los ataques a su persona  de   Pe\u00f1a Rubio al crecimiento de su precandidatura a Senador en esta provincia  por el PLD.<\/p>\n<\/p>\n<p>El funcionario dijo que la acusaci\u00f3n  de Pe\u00f1a Rubio de que tiene mil personas trabajando en esta localidad sin la existencia de una oficina, a trav\u00e9s del Ministerio de Industria y Comercio no tiene base ni lo puede comprobar.<\/p>\n<h6> 2014-10-16 14:56:48 <\/h6>\n<p><!--\n<link rel=\"stylesheet\" href=\"css\/bootstrap.min.css\">\n\n\n<ul class=\"pagination\">\n\t    \n\t\n\n<li >\n\t<a href='?page_no=14323'>Previous<\/a>\n\t<\/li>\n\n\n       \n    \n\n<li><a href='?page_no=1'>1<\/a><\/li>\n\n\n\n<li><a href='?page_no=2'>2<\/a><\/li>\n\n\n\n<li><a>...<\/a><\/li>\n\n\n\n<li><a href='?page_no=14322'>14322<\/a><\/li>\n\n\n\n<li><a href='?page_no=14323'>14323<\/a><\/li>\n\n\n\n<li class='active'><a>14324<\/a><\/li>\n\n\n\n<li><a href='?page_no=14325'>14325<\/a><\/li>\n\n\n\n<li><a href='?page_no=14326'>14326<\/a><\/li>\n\n\n\n<li><a>...<\/a><\/li>\n\n\n\n<li><a href='?page_no=36999'>36999<\/a><\/li>\n\n\n\n<li><a href='?page_no=37000'>37000<\/a><\/li>\n\n    \n\t\n\n<li >\n\t<a href='?page_no=14325'>Next<\/a>\n\t<\/li>\n\n\n    \n\n<li><a href='?page_no=37000'>Last &rsaquo;&rsaquo;<\/a><\/li>\n\n<\/ul>\n\n\n--><br \/>\n<\/body><\/p>\n","protected":false},"excerpt":{"rendered":"<p>Piden intervenci\u00f3n Comit\u00e9 Pol\u00edtico ante enfrentamientos entre aspirantes a senador BARAHONA.- El Presidente del Comit\u00e9 Provincial del Partido de la Liberaci\u00f3n Dominicana (PLD) y senador Eddy Mateo V\u00e1squez, pidi\u00f3 la intervenci\u00f3n del comit\u00e9 pol\u00edtico de la organizaci\u00f3n ante los enfrentamientos que se han suscitado en los \u00faltimos d\u00edas entre aspirantes a cargos congresuales en esta [&hellip;]<\/p>\n","protected":false},"author":3,"featured_media":0,"comment_status":"open","ping_status":"open","sticky":false,"template":"","format":"standard","meta":{"footnotes":""},"categories":[22],"tags":[],"class_list":["post-161861","post","type-post","status-publish","format-standard","hentry","category-politica"],"_links":{"self":[{"href":"https:\/\/diariodominicano.com\/index.php?rest_route=\/wp\/v2\/posts\/161861","targetHints":{"allow":["GET"]}}],"collection":[{"href":"https:\/\/diariodominicano.com\/index.php?rest_route=\/wp\/v2\/posts"}],"about":[{"href":"https:\/\/diariodominicano.com\/index.php?rest_route=\/wp\/v2\/types\/post"}],"author":[{"embeddable":true,"href":"https:\/\/diariodominicano.com\/index.php?rest_route=\/wp\/v2\/users\/3"}],"replies":[{"embeddable":true,"href":"https:\/\/diariodominicano.com\/index.php?rest_route=%2Fwp%2Fv2%2Fcomments&post=161861"}],"version-history":[{"count":0,"href":"https:\/\/diariodominicano.com\/index.php?rest_route=\/wp\/v2\/posts\/161861\/revisions"}],"wp:attachment":[{"href":"https:\/\/diariodominicano.com\/index.php?rest_route=%2Fwp%2Fv2%2Fmedia&parent=161861"}],"wp:term":[{"taxonomy":"category","embeddable":true,"href":"https:\/\/diariodominicano.com\/index.php?rest_route=%2Fwp%2Fv2%2Fcategories&post=161861"},{"taxonomy":"post_tag","embeddable":true,"href":"https:\/\/diariodominicano.com\/index.php?rest_route=%2Fwp%2Fv2%2Ftags&post=161861"}],"curies":[{"name":"wp","href":"https:\/\/api.w.org\/{rel}","templated":true}]}}