{"id":161860,"date":"2014-10-16T18:12:17","date_gmt":"2014-10-16T18:12:17","guid":{"rendered":"http:\/\/diariodominicano.ddns.net\/?p=161860"},"modified":"2014-10-16T18:12:17","modified_gmt":"2014-10-16T18:12:17","slug":"formacion-politica-del-pld-procura-los-facilitadores-de-la-educacion-politica-en-los-intermedios","status":"publish","type":"post","link":"https:\/\/diariodominicano.com\/?p=161860","title":{"rendered":"&#13;&#13;&#13;&#13;Formaci\u00f3n Pol\u00edtica del PLD procura los facilitadores de la educaci\u00f3n pol\u00edtica en los Intermedios"},"content":{"rendered":"<p><body><\/p>\n<p><img decoding=\"async\" src=\"img3\/alejandrina.jpg\" \/>  <\/p>\n<\/p>\n<\/p>\n<p><span class=\"text1noticias\"> <\/span><\/p>\n<p><span class=\"text1noticias\">Santo Domingo, RD, 16 de octubre.- La Secretaria de Formaci\u00f3n Pol\u00edtica del Partido de la Liberaci\u00f3n Dominicana (PLD) confirm\u00f3 para este s\u00e1bado la realizaci\u00f3n de un encuentro con los dirigentes de esa organizaci\u00f3n egresados de los diplomados organizados por el Instituto de Formaci\u00f3n Pol\u00edtica, profesor Juan Bosch.<\/span><\/p>\n<p><span class=\"text1noticias\"> <\/span><\/p>\n<p><span class=\"text1noticias\">El encuentro se program\u00f3 para realizarse a partir de las 9.30 de la ma\u00f1ana en uno de los salones del Hotel Sheraton en la avenida George Washington en la ciudad capital.<\/span><\/p>\n<p><span class=\"text1noticias\"> <\/span><\/p>\n<p><span class=\"text1noticias\">La naturaleza de ese encuentro es afinar detalles para la elecci\u00f3n de los dirigentes peledeistas quienes fungir\u00e1n como facilitadores en la labor formativa de los miembros de los comit\u00e9s intermedios en el pa\u00eds y en las seccionarles en el exterior.<\/span><\/p>\n<p><span class=\"text1noticias\"> <\/span><\/p>\n<p><span class=\"text1noticias\">Alrededor de 150 personas han sido convocadas a esta reuni\u00f3n que ser\u00e1 presidida por la Secretaria de Formaci\u00f3n Pol\u00edtica del PLD, que coordina Alejandrina Germ\u00e1n, integrante del Comit\u00e9 Politice.<\/span><\/p>\n<p><span class=\"text1noticias\"> <\/span><\/p>\n<p><span class=\"text1noticias\">En el pasado VIII Congreso Ordinario Comandante Norge Botello se aprob\u00f3 un programa de Formaci\u00f3n Pol\u00edtica que la secretar\u00eda responsable del tema viene aplicando.<\/span><\/p>\n<p><span class=\"text1noticias\"> <\/span><\/p>\n<p><span class=\"text1noticias\">Primero se desarrollaron seminarios regionales con los presidentes de Comit\u00e9s Provinciales, Municipales, de Circunscripciones e Intermedios y se planifica la etapa formativa en los Comit\u00e9s Intermedios y de Base.<\/span><\/p>\n<p><span class=\"text1noticias\"> <\/span><\/p>\n<p><span class=\"text1noticias\">Mediante despacho de la Secretar\u00eda de Comunicaciones el PLD se recuerda que para optar por una nominaci\u00f3n a una funci\u00f3n electiva, ya se trate en el Estado o a lo interno del PLD, se requiere la aprobaci\u00f3n de determinados niveles del programa formativo en pol\u00edtica.<\/span><\/p>\n<h6> 2014-10-16 18:12:17 <\/h6>\n<p><!--\n<link rel=\"stylesheet\" href=\"css\/bootstrap.min.css\">\n\n\n<ul class=\"pagination\">\n\t    \n\t\n\n<li >\n\t<a href='?page_no=14322'>Previous<\/a>\n\t<\/li>\n\n\n       \n    \n\n<li><a href='?page_no=1'>1<\/a><\/li>\n\n\n\n<li><a href='?page_no=2'>2<\/a><\/li>\n\n\n\n<li><a>...<\/a><\/li>\n\n\n\n<li><a href='?page_no=14321'>14321<\/a><\/li>\n\n\n\n<li><a href='?page_no=14322'>14322<\/a><\/li>\n\n\n\n<li class='active'><a>14323<\/a><\/li>\n\n\n\n<li><a href='?page_no=14324'>14324<\/a><\/li>\n\n\n\n<li><a href='?page_no=14325'>14325<\/a><\/li>\n\n\n\n<li><a>...<\/a><\/li>\n\n\n\n<li><a href='?page_no=36999'>36999<\/a><\/li>\n\n\n\n<li><a href='?page_no=37000'>37000<\/a><\/li>\n\n    \n\t\n\n<li >\n\t<a href='?page_no=14324'>Next<\/a>\n\t<\/li>\n\n\n    \n\n<li><a href='?page_no=37000'>Last &rsaquo;&rsaquo;<\/a><\/li>\n\n<\/ul>\n\n\n--><br \/>\n<\/body><\/p>\n","protected":false},"excerpt":{"rendered":"<p>Santo Domingo, RD, 16 de octubre.- La Secretaria de Formaci\u00f3n Pol\u00edtica del Partido de la Liberaci\u00f3n Dominicana (PLD) confirm\u00f3 para este s\u00e1bado la realizaci\u00f3n de un encuentro con los dirigentes de esa organizaci\u00f3n egresados de los diplomados organizados por el Instituto de Formaci\u00f3n Pol\u00edtica, profesor Juan Bosch. El encuentro se program\u00f3 para realizarse a partir [&hellip;]<\/p>\n","protected":false},"author":3,"featured_media":0,"comment_status":"open","ping_status":"open","sticky":false,"template":"","format":"standard","meta":{"footnotes":""},"categories":[22],"tags":[],"class_list":["post-161860","post","type-post","status-publish","format-standard","hentry","category-politica"],"_links":{"self":[{"href":"https:\/\/diariodominicano.com\/index.php?rest_route=\/wp\/v2\/posts\/161860","targetHints":{"allow":["GET"]}}],"collection":[{"href":"https:\/\/diariodominicano.com\/index.php?rest_route=\/wp\/v2\/posts"}],"about":[{"href":"https:\/\/diariodominicano.com\/index.php?rest_route=\/wp\/v2\/types\/post"}],"author":[{"embeddable":true,"href":"https:\/\/diariodominicano.com\/index.php?rest_route=\/wp\/v2\/users\/3"}],"replies":[{"embeddable":true,"href":"https:\/\/diariodominicano.com\/index.php?rest_route=%2Fwp%2Fv2%2Fcomments&post=161860"}],"version-history":[{"count":0,"href":"https:\/\/diariodominicano.com\/index.php?rest_route=\/wp\/v2\/posts\/161860\/revisions"}],"wp:attachment":[{"href":"https:\/\/diariodominicano.com\/index.php?rest_route=%2Fwp%2Fv2%2Fmedia&parent=161860"}],"wp:term":[{"taxonomy":"category","embeddable":true,"href":"https:\/\/diariodominicano.com\/index.php?rest_route=%2Fwp%2Fv2%2Fcategories&post=161860"},{"taxonomy":"post_tag","embeddable":true,"href":"https:\/\/diariodominicano.com\/index.php?rest_route=%2Fwp%2Fv2%2Ftags&post=161860"}],"curies":[{"name":"wp","href":"https:\/\/api.w.org\/{rel}","templated":true}]}}