{"id":161859,"date":"2014-10-16T18:22:41","date_gmt":"2014-10-16T18:22:41","guid":{"rendered":"http:\/\/diariodominicano.ddns.net\/?p=161859"},"modified":"2014-10-16T18:22:41","modified_gmt":"2014-10-16T18:22:41","slug":"alburquerque-dirige-asamblea-de-dirigentes","status":"publish","type":"post","link":"https:\/\/diariodominicano.com\/?p=161859","title":{"rendered":"Alburquerque dirige asamblea de dirigentes&#13;"},"content":{"rendered":"<p><body><\/p>\n<p><img decoding=\"async\" src=\"img3\/leonel.jpg\" \/>  <\/p>\n<p><span class=\"text1noticias\">Por Carlos Corpor\u00e1n<\/span><\/p>\n<\/p>\n<p><span class=\"text1noticias\">San Crist\u00f3bal, RD, 16 de octubre.-El ex vicepresidente doctor Rafael Alburquerque  presidir\u00e1 este s\u00e1bado una asamblea de dirigentes del Partido de la Liberaci\u00f3n Dominicana, para valorar la visita del l\u00edder de esa organizaci\u00f3n pol\u00edtica doctor Leonel Fern\u00e1ndez, quien visit\u00f3 el pasado domingo el Municipio de Villa Altagracia, siendo recibido por millares de personas.<\/span><\/p>\n<\/p>\n<p><span class=\"text1noticias\">El encuentro de dirigentes esta pautado para la 3:00 p.m en los salones de Caoba y Espejo del Hotel San Crist\u00f3bal.<\/span><\/p>\n<\/p>\n<p><span class=\"text1noticias\">El ex presidente doctor Leonel Fern\u00e1ndez tiene previsto hacer un recorrido el pr\u00f3ximo domingo 26, por los diferentes sectores populares, entre ellos Las Flores, Jeringa, Madre Vieja Norte, entre otros.<\/span><\/p>\n<\/p>\n<p><span class=\"text1noticias\">Una comitiva recibir\u00e1 al ex mandatario en la autopista S\u00e1nchez, en la entrada del nuevo Distrito Municipal de Hatillo, donde visitar\u00e1 la residencia de la diputada Josefina Tavarez, quien es la esposa del dirigente del PLD, ingeniero Rafael Suero, quien fue administrador de la Hidroel\u00e9ctrica.<\/span><\/p>\n<\/p>\n<p><span class=\"text1noticias\">En medio del recorrido de Leonel Fern\u00e1ndez Reyna, tiene previsto almorzar en el restaurant \u00abLas Orqu\u00eddeas\u00bb, ya en hora de la tarde visitara la residencia del empresario Luis Espinal, en la avenida Luperon del sector San Isidro.<\/span><\/p>\n<\/p>\n<p><span class=\"text1noticias\">A seguida sostendr\u00e1 un encuentro de dirigentes en la calle Capotillo del sector de Pueblo Nuevo, donde se espera ofrezca trascentales declaraciones al pa\u00eds. <\/span><\/p>\n<\/p>\n<p><span class=\"text1noticias\">En los recorridos de invitaciones a dirigentes y hombres de negocios, se ha observado al coordinador de campa\u00f1a de Leonel Fern\u00e1ndez en la provincia al diputado Orlando Espinosa Medina, considerado como unos de los mejores gobernadores de los \u00faltimos 30 a\u00f1os, en esta provincia.<\/span><\/p>\n<h6> 2014-10-16 18:22:41 <\/h6>\n<p><!--\n<link rel=\"stylesheet\" href=\"css\/bootstrap.min.css\">\n\n\n<ul class=\"pagination\">\n\t    \n\t\n\n<li >\n\t<a href='?page_no=14321'>Previous<\/a>\n\t<\/li>\n\n\n       \n    \n\n<li><a href='?page_no=1'>1<\/a><\/li>\n\n\n\n<li><a href='?page_no=2'>2<\/a><\/li>\n\n\n\n<li><a>...<\/a><\/li>\n\n\n\n<li><a href='?page_no=14320'>14320<\/a><\/li>\n\n\n\n<li><a href='?page_no=14321'>14321<\/a><\/li>\n\n\n\n<li class='active'><a>14322<\/a><\/li>\n\n\n\n<li><a href='?page_no=14323'>14323<\/a><\/li>\n\n\n\n<li><a href='?page_no=14324'>14324<\/a><\/li>\n\n\n\n<li><a>...<\/a><\/li>\n\n\n\n<li><a href='?page_no=36999'>36999<\/a><\/li>\n\n\n\n<li><a href='?page_no=37000'>37000<\/a><\/li>\n\n    \n\t\n\n<li >\n\t<a href='?page_no=14323'>Next<\/a>\n\t<\/li>\n\n\n    \n\n<li><a href='?page_no=37000'>Last &rsaquo;&rsaquo;<\/a><\/li>\n\n<\/ul>\n\n\n--><br \/>\n<\/body><\/p>\n","protected":false},"excerpt":{"rendered":"<p>Por Carlos Corpor\u00e1n San Crist\u00f3bal, RD, 16 de octubre.-El ex vicepresidente doctor Rafael Alburquerque presidir\u00e1 este s\u00e1bado una asamblea de dirigentes del Partido de la Liberaci\u00f3n Dominicana, para valorar la visita del l\u00edder de esa organizaci\u00f3n pol\u00edtica doctor Leonel Fern\u00e1ndez, quien visit\u00f3 el pasado domingo el Municipio de Villa Altagracia, siendo recibido por millares de [&hellip;]<\/p>\n","protected":false},"author":3,"featured_media":0,"comment_status":"open","ping_status":"open","sticky":false,"template":"","format":"standard","meta":{"footnotes":""},"categories":[22],"tags":[],"class_list":["post-161859","post","type-post","status-publish","format-standard","hentry","category-politica"],"_links":{"self":[{"href":"https:\/\/diariodominicano.com\/index.php?rest_route=\/wp\/v2\/posts\/161859","targetHints":{"allow":["GET"]}}],"collection":[{"href":"https:\/\/diariodominicano.com\/index.php?rest_route=\/wp\/v2\/posts"}],"about":[{"href":"https:\/\/diariodominicano.com\/index.php?rest_route=\/wp\/v2\/types\/post"}],"author":[{"embeddable":true,"href":"https:\/\/diariodominicano.com\/index.php?rest_route=\/wp\/v2\/users\/3"}],"replies":[{"embeddable":true,"href":"https:\/\/diariodominicano.com\/index.php?rest_route=%2Fwp%2Fv2%2Fcomments&post=161859"}],"version-history":[{"count":0,"href":"https:\/\/diariodominicano.com\/index.php?rest_route=\/wp\/v2\/posts\/161859\/revisions"}],"wp:attachment":[{"href":"https:\/\/diariodominicano.com\/index.php?rest_route=%2Fwp%2Fv2%2Fmedia&parent=161859"}],"wp:term":[{"taxonomy":"category","embeddable":true,"href":"https:\/\/diariodominicano.com\/index.php?rest_route=%2Fwp%2Fv2%2Fcategories&post=161859"},{"taxonomy":"post_tag","embeddable":true,"href":"https:\/\/diariodominicano.com\/index.php?rest_route=%2Fwp%2Fv2%2Ftags&post=161859"}],"curies":[{"name":"wp","href":"https:\/\/api.w.org\/{rel}","templated":true}]}}