{"id":161858,"date":"2014-10-16T19:01:07","date_gmt":"2014-10-16T19:01:07","guid":{"rendered":"http:\/\/diariodominicano.ddns.net\/?p=161858"},"modified":"2014-10-16T19:01:07","modified_gmt":"2014-10-16T19:01:07","slug":"frente-amplio-propone-aumentar-el-presupuesto-al-sector-salud","status":"publish","type":"post","link":"https:\/\/diariodominicano.com\/?p=161858","title":{"rendered":"&#13;&#13;Frente Amplio propone aumentar el presupuesto al sector Salud"},"content":{"rendered":"<p><body><\/p>\n<p><img decoding=\"async\" src=\"img3\/simbolofa.jpg\" \/>  <\/p>\n<\/p>\n<\/p>\n<p><span class=\"text1noticias\">Santo Domingo, RD,  16 de octubre.- El Frente Amplio inst\u00f3  al Gobierno  elevar el presupuesto de salud para el a\u00f1o 2015 de los $56,500 millones que se contempla en el proyecto de Presupuesto nacional a 100 mil millones de pesos ante el deterioro del sistema de salud, as\u00ed como pidi\u00f3 dar a conocer las auditorias para que se establezcan las responsabilidades de las malas administraci\u00f3n en el Ministerio de Salud.<\/span><\/p>\n<\/p>\n<p><span class=\"text1noticias\">En una rueda de prensa encabezada por el candidato presidencial de la organizaci\u00f3n, Fidel Santana, y los miembros de la comisi\u00f3n pol\u00edtica, Juan Dionicio Rodr\u00edguez Restituyo, Secundino Palacios, Arsenio Hern\u00e1ndez, Higinio B\u00e1ez, Juan Ignacio Espaillat, Luis M\u00e9ndez,  as\u00ed como Luz Zeneida, la entidad destaca que solo esto puede permitir que se supere el baj\u00edsimo promedio de $800 por paciente ingresado, lo que se gasta en dos o tres medicamentos.  <\/span><\/p>\n<\/p>\n<p><span class=\"text1noticias\">Considera que el dinero faltante se puede conseguir reduciendo las partidas correspondientes al Congreso, la Presidencia de la Rep\u00fablica, el Despacho de la Primera Dama y rebajando los elevad\u00edsimos sueldos de altos funcionarios.<\/span><\/p>\n<\/p>\n<p><span class=\"text1noticias\">En el documento precisa que de los 2,600 millones de pesos asignados en este a\u00f1o a los nueve centros hospitalarios llamados autogestionarios, que han sido privatizados en los hechos, es necesario que se realice una nueva distribuci\u00f3n de recursos para que puedan alcanzar los asignados a las otras 1787 estructuras hospitalarias, las que apenas reciben, en conjunto, $2,300 millones.     <\/span><\/p>\n<\/p>\n<p><span class=\"text1noticias\">Asimismo, pidi\u00f3 que se reajusten los sueldos de todos los profesionales de la salud, t\u00e9cnicos y empleados administrativos en los hospitales, de acuerdo con el costo de la canasta familiar. Y se les exija en su trabajo de acuerdo con lo que ganen. <\/span><\/p>\n<\/p>\n<p><span class=\"text1noticias\">El Frente Amplio considera que con estas y otras propuestas, hechas por profesionales competentes, se podr\u00e1 evitar que se repita la tragedia de numerosos ni\u00f1os muertos cada fin de semana en los hospitales del pa\u00eds, cifras que suman m\u00e1s de seiscientos en este a\u00f1o.<\/span><\/p>\n<\/p>\n<p><span class=\"text1noticias\">Solicita que el personal de cada hospital sea nombrado y controlado por el consejo directivo de ese centro, no por el ministerio de Salud, para que los ejecutivos tengan suficiente autoridad sobre los subordinados y puedan exigir m\u00e1s responsabilidad y calidad en la atenci\u00f3n a los pacientes.   <\/span><\/p>\n<\/p>\n<p><span class=\"text1noticias\">De igual modo, pide que el Gobierno asuma el costo de los medicamentos para que el  dinero que quita el Programa de Medicamentos Esenciales (PROMESE-CAL) a los escasos presupuestos de los hospitales, alrededor del 40%, quede en manos de estos.<\/span><\/p>\n<\/p>\n<p><span class=\"text1noticias\">Entiende que es necesario poner a funcionar las unidades de atenci\u00f3n primaria, con \u00e9nfasis en la prevenci\u00f3n de enfermedades y educaci\u00f3n para la salud, como establecen las leyes 42-01 y 87-01, de Salud y Seguridad Social.<\/span><\/p>\n<\/p>\n<p><span class=\"text1noticias\">La organizaci\u00f3n pol\u00edtica pide garant\u00eda de que el dinero que sea asignado a los hospitales se entregue totalmente, descontinuando la pr\u00e1ctica de solo entregar un porcentaje de lo establecido. Adem\u00e1s, se debe controlar los turbios negocios de los administradores hospitalarios, los cuales reducen los ingresos reales.<\/span><\/p>\n<\/p>\n<p><span class=\"text1noticias\">\u00abEs necesario que se publiquen las auditor\u00edas realizadas por la C\u00e1mara de Cuentas al Ministerio de Salud P\u00fablica, para que se establezcan las responsabilidades correspondientes por la mala administraci\u00f3n de esos recursos, lo que ha llevado al colapso del sistema  de salud\u00bb.<\/span><\/p>\n<\/p>\n<p><span class=\"text1noticias\">Precisa que ante el evidente deterioro de los hospitales de todo el pa\u00eds, puesto de manifiesto de manera tr\u00e1gica con el reciente fallecimiento de once ni\u00f1os en el Robert Reid Cabral, hacemos las siguientes propuestas para mejorar la atenci\u00f3n a los humildes en esos centros del Estado.<\/span><\/p>\n<h6> 2014-10-16 19:01:07 <\/h6>\n<p><!--\n<link rel=\"stylesheet\" href=\"css\/bootstrap.min.css\">\n\n\n<ul class=\"pagination\">\n\t    \n\t\n\n<li >\n\t<a href='?page_no=14320'>Previous<\/a>\n\t<\/li>\n\n\n       \n    \n\n<li><a href='?page_no=1'>1<\/a><\/li>\n\n\n\n<li><a href='?page_no=2'>2<\/a><\/li>\n\n\n\n<li><a>...<\/a><\/li>\n\n\n\n<li><a href='?page_no=14319'>14319<\/a><\/li>\n\n\n\n<li><a href='?page_no=14320'>14320<\/a><\/li>\n\n\n\n<li class='active'><a>14321<\/a><\/li>\n\n\n\n<li><a href='?page_no=14322'>14322<\/a><\/li>\n\n\n\n<li><a href='?page_no=14323'>14323<\/a><\/li>\n\n\n\n<li><a>...<\/a><\/li>\n\n\n\n<li><a href='?page_no=36999'>36999<\/a><\/li>\n\n\n\n<li><a href='?page_no=37000'>37000<\/a><\/li>\n\n    \n\t\n\n<li >\n\t<a href='?page_no=14322'>Next<\/a>\n\t<\/li>\n\n\n    \n\n<li><a href='?page_no=37000'>Last &rsaquo;&rsaquo;<\/a><\/li>\n\n<\/ul>\n\n\n--><br \/>\n<\/body><\/p>\n","protected":false},"excerpt":{"rendered":"<p>Santo Domingo, RD, 16 de octubre.- El Frente Amplio inst\u00f3 al Gobierno elevar el presupuesto de salud para el a\u00f1o 2015 de los $56,500 millones que se contempla en el proyecto de Presupuesto nacional a 100 mil millones de pesos ante el deterioro del sistema de salud, as\u00ed como pidi\u00f3 dar a conocer las auditorias [&hellip;]<\/p>\n","protected":false},"author":3,"featured_media":0,"comment_status":"open","ping_status":"open","sticky":false,"template":"","format":"standard","meta":{"footnotes":""},"categories":[22],"tags":[],"class_list":["post-161858","post","type-post","status-publish","format-standard","hentry","category-politica"],"_links":{"self":[{"href":"https:\/\/diariodominicano.com\/index.php?rest_route=\/wp\/v2\/posts\/161858","targetHints":{"allow":["GET"]}}],"collection":[{"href":"https:\/\/diariodominicano.com\/index.php?rest_route=\/wp\/v2\/posts"}],"about":[{"href":"https:\/\/diariodominicano.com\/index.php?rest_route=\/wp\/v2\/types\/post"}],"author":[{"embeddable":true,"href":"https:\/\/diariodominicano.com\/index.php?rest_route=\/wp\/v2\/users\/3"}],"replies":[{"embeddable":true,"href":"https:\/\/diariodominicano.com\/index.php?rest_route=%2Fwp%2Fv2%2Fcomments&post=161858"}],"version-history":[{"count":0,"href":"https:\/\/diariodominicano.com\/index.php?rest_route=\/wp\/v2\/posts\/161858\/revisions"}],"wp:attachment":[{"href":"https:\/\/diariodominicano.com\/index.php?rest_route=%2Fwp%2Fv2%2Fmedia&parent=161858"}],"wp:term":[{"taxonomy":"category","embeddable":true,"href":"https:\/\/diariodominicano.com\/index.php?rest_route=%2Fwp%2Fv2%2Fcategories&post=161858"},{"taxonomy":"post_tag","embeddable":true,"href":"https:\/\/diariodominicano.com\/index.php?rest_route=%2Fwp%2Fv2%2Ftags&post=161858"}],"curies":[{"name":"wp","href":"https:\/\/api.w.org\/{rel}","templated":true}]}}