{"id":161857,"date":"2014-10-16T19:33:51","date_gmt":"2014-10-16T19:33:51","guid":{"rendered":"http:\/\/diariodominicano.ddns.net\/?p=161857"},"modified":"2014-10-16T19:33:51","modified_gmt":"2014-10-16T19:33:51","slug":"francisco-javier-afirma-tiene-oportunidad-para-fortalecer-democracia-con-candidato-nuevo","status":"publish","type":"post","link":"https:\/\/diariodominicano.com\/?p=161857","title":{"rendered":"&#13;Francisco Javier afirma tiene oportunidad para fortalecer  democracia con candidato nuevo&#13;"},"content":{"rendered":"<p><body><\/p>\n<p><img decoding=\"async\" src=\"img3\/francisco.jpg\" \/>  <\/p>\n<\/p>\n<p><span class=\"text1noticias\">Santo Domingo,  RD, 16 de octubre.- El aspirante Francisco Javier Garc\u00eda afirm\u00f3 que en el proceso que lleva a cabo el Partido de la Liberaci\u00f3n Dominicana (PLD) constituye una oportunidad en la que no solo est\u00e1 en juego la Presidencia de la Rep\u00fablica, sino tambi\u00e9n el fortalecimiento de la democracia interna de esa organizaci\u00f3n.<\/span><\/p>\n<\/p>\n<p><span class=\"text1noticias\">Dijo que en una actitud plenamente democr\u00e1tica, el l\u00edder fundador del pelede\u00edsmo, el profesor Juan Bosch, \u00abtuvo la inteligencia y la visi\u00f3n de darle paso a uno de sus disc\u00edpulos, Leonel Fern\u00e1ndez, y este a Danilo Medina, compa\u00f1eros que no han fallado en la conducci\u00f3n de los destinos del pueblo dominicano\u00bb.<\/span><\/p>\n<\/p>\n<p><span class=\"text1noticias\">\u00abEsta es la raz\u00f3n por la que felicito a los compa\u00f1eros que est\u00e1n buscando la candidatura presidencial en el Partido de la Liberaci\u00f3n Dominicana porque pueden y tienen derecho, sin tener que pedirle permiso a nadie, a buscar esa nominaci\u00f3n\u00bb, manifest\u00f3.<\/span><\/p>\n<\/p>\n<p><span class=\"text1noticias\">Destac\u00f3 las condiciones gerenciales y pol\u00edticas que exhiben tambi\u00e9n los dem\u00e1s aspirantes a la candidatura presidencial, al igual que otros que puedan surgir, para ostentar la representaci\u00f3n del partido en las elecciones del 2016. Dijo que se trata de un ejercicio democr\u00e1tico importante que contribuir\u00e1 al fortalecimiento del PLD con miras a su futuro inmediato.<\/span><\/p>\n<\/p>\n<p><span class=\"text1noticias\">El estratega pelede\u00edsta dijo que dado el hecho del impedimento constitucional de la reelecci\u00f3n del presidente Danilo Medina, el PLD requiere de un candidato nuevo que le permita continuar en el poder m\u00e1s all\u00e1 del a\u00f1o 2016.<\/span><\/p>\n<\/p>\n<p><span class=\"text1noticias\">Reiter\u00f3 que una vez gane la Presidencia de la Rep\u00fablica continuar\u00e1 los esfuerzos en procura de mejorar las condiciones materiales de vida de los m\u00e1s pobres del pa\u00eds.<\/span><\/p>\n<h6> 2014-10-16 19:33:51 <\/h6>\n<p><!--\n<link rel=\"stylesheet\" href=\"css\/bootstrap.min.css\">\n\n\n<ul class=\"pagination\">\n\t    \n\t\n\n<li >\n\t<a href='?page_no=14319'>Previous<\/a>\n\t<\/li>\n\n\n       \n    \n\n<li><a href='?page_no=1'>1<\/a><\/li>\n\n\n\n<li><a href='?page_no=2'>2<\/a><\/li>\n\n\n\n<li><a>...<\/a><\/li>\n\n\n\n<li><a href='?page_no=14318'>14318<\/a><\/li>\n\n\n\n<li><a href='?page_no=14319'>14319<\/a><\/li>\n\n\n\n<li class='active'><a>14320<\/a><\/li>\n\n\n\n<li><a href='?page_no=14321'>14321<\/a><\/li>\n\n\n\n<li><a href='?page_no=14322'>14322<\/a><\/li>\n\n\n\n<li><a>...<\/a><\/li>\n\n\n\n<li><a href='?page_no=36999'>36999<\/a><\/li>\n\n\n\n<li><a href='?page_no=37000'>37000<\/a><\/li>\n\n    \n\t\n\n<li >\n\t<a href='?page_no=14321'>Next<\/a>\n\t<\/li>\n\n\n    \n\n<li><a href='?page_no=37000'>Last &rsaquo;&rsaquo;<\/a><\/li>\n\n<\/ul>\n\n\n--><br \/>\n<\/body><\/p>\n","protected":false},"excerpt":{"rendered":"<p>Santo Domingo, RD, 16 de octubre.- El aspirante Francisco Javier Garc\u00eda afirm\u00f3 que en el proceso que lleva a cabo el Partido de la Liberaci\u00f3n Dominicana (PLD) constituye una oportunidad en la que no solo est\u00e1 en juego la Presidencia de la Rep\u00fablica, sino tambi\u00e9n el fortalecimiento de la democracia interna de esa organizaci\u00f3n. Dijo [&hellip;]<\/p>\n","protected":false},"author":3,"featured_media":0,"comment_status":"open","ping_status":"open","sticky":false,"template":"","format":"standard","meta":{"footnotes":""},"categories":[22],"tags":[],"class_list":["post-161857","post","type-post","status-publish","format-standard","hentry","category-politica"],"_links":{"self":[{"href":"https:\/\/diariodominicano.com\/index.php?rest_route=\/wp\/v2\/posts\/161857","targetHints":{"allow":["GET"]}}],"collection":[{"href":"https:\/\/diariodominicano.com\/index.php?rest_route=\/wp\/v2\/posts"}],"about":[{"href":"https:\/\/diariodominicano.com\/index.php?rest_route=\/wp\/v2\/types\/post"}],"author":[{"embeddable":true,"href":"https:\/\/diariodominicano.com\/index.php?rest_route=\/wp\/v2\/users\/3"}],"replies":[{"embeddable":true,"href":"https:\/\/diariodominicano.com\/index.php?rest_route=%2Fwp%2Fv2%2Fcomments&post=161857"}],"version-history":[{"count":0,"href":"https:\/\/diariodominicano.com\/index.php?rest_route=\/wp\/v2\/posts\/161857\/revisions"}],"wp:attachment":[{"href":"https:\/\/diariodominicano.com\/index.php?rest_route=%2Fwp%2Fv2%2Fmedia&parent=161857"}],"wp:term":[{"taxonomy":"category","embeddable":true,"href":"https:\/\/diariodominicano.com\/index.php?rest_route=%2Fwp%2Fv2%2Fcategories&post=161857"},{"taxonomy":"post_tag","embeddable":true,"href":"https:\/\/diariodominicano.com\/index.php?rest_route=%2Fwp%2Fv2%2Ftags&post=161857"}],"curies":[{"name":"wp","href":"https:\/\/api.w.org\/{rel}","templated":true}]}}