{"id":161854,"date":"2014-10-17T23:48:58","date_gmt":"2014-10-17T23:48:58","guid":{"rendered":"http:\/\/diariodominicano.ddns.net\/?p=161854"},"modified":"2014-10-17T23:48:58","modified_gmt":"2014-10-17T23:48:58","slug":"montas-recorrera-la-region-este-el-fin-de-semana","status":"publish","type":"post","link":"https:\/\/diariodominicano.com\/?p=161854","title":{"rendered":"Mont\u00e1s recorrer\u00e1 la Regi\u00f3n Este el fin de semana"},"content":{"rendered":"<p><body><\/p>\n<p><img decoding=\"async\" src=\"img3\/DSC_1852.JPG\" \/>  <\/p>\n<p><span class=\"text1noticias\">Santo Domingo, R. D., 17 de octubre.- El ingeniero Tem\u00edstocles Mont\u00e1s recorrer\u00e1 entre el s\u00e1bado y el domingo los municipios cabecera de cinco provincias del Este del pa\u00eds en la continuaci\u00f3n de sus contactos y encuentros en busca de la nominaci\u00f3n presidencial por el Partido de la Liberaci\u00f3n Dominicana (PLD) en 2016, anunci\u00f3 este viernes su equipo de campa\u00f1a.<\/span><\/p>\n<p><span class=\"text1noticias\"> <\/span><\/p>\n<p><span class=\"text1noticias\">Mont\u00e1s recorrer\u00e1 los municipios de Hig\u00fcey, El Seybo, Hato Mayor, San Pedro de Macor\u00eds y La Romana, donde juramentar\u00e1 equipos de campa\u00f1a, sostendr\u00e1 contactos con dirigentes y activistas del PLD y encabezar\u00e1 varios encuentros masivos.<\/span><\/p>\n<p><span class=\"text1noticias\"> <\/span><\/p>\n<p><span class=\"text1noticias\">El s\u00e1bado, a las 11:00 de la ma\u00f1ana, Mont\u00e1s estar\u00e1 en Hig\u00fcey, en tanto que a las 3:00 de la tarde tiene prevista varias actividades en El Seybo. A las 4:00 de la tarde  arribar\u00e1 a Hato Mayor donde encabezar\u00e1 la juramentaci\u00f3n de su equipo de campa\u00f1a e y sostendr\u00e1 un encuentro con simpatizantes.<\/span><\/p>\n<p><span class=\"text1noticias\"> <\/span><\/p>\n<p><span class=\"text1noticias\">Iguales actividades desarrollar\u00e1 el domingo a partir de las 10:00 de la ma\u00f1ana en San Pedro de Macor\u00eds, y m\u00e1s luego, a las 2:00 de la tarde, estar\u00e1 en La Romana donde encabezar\u00e1 sendos encuentros, el \u00faltimo de los cuales est\u00e1 anunciado para las 5:00 de la tarde, seg\u00fan una nota informati<\/span>va.<\/p>\n<h6> 2014-10-17 23:48:58 <\/h6>\n<p><!--\n<link rel=\"stylesheet\" href=\"css\/bootstrap.min.css\">\n\n\n<ul class=\"pagination\">\n\t    \n\t\n\n<li >\n\t<a href='?page_no=14317'>Previous<\/a>\n\t<\/li>\n\n\n       \n    \n\n<li><a href='?page_no=1'>1<\/a><\/li>\n\n\n\n<li><a href='?page_no=2'>2<\/a><\/li>\n\n\n\n<li><a>...<\/a><\/li>\n\n\n\n<li><a href='?page_no=14316'>14316<\/a><\/li>\n\n\n\n<li><a href='?page_no=14317'>14317<\/a><\/li>\n\n\n\n<li class='active'><a>14318<\/a><\/li>\n\n\n\n<li><a href='?page_no=14319'>14319<\/a><\/li>\n\n\n\n<li><a href='?page_no=14320'>14320<\/a><\/li>\n\n\n\n<li><a>...<\/a><\/li>\n\n\n\n<li><a href='?page_no=36999'>36999<\/a><\/li>\n\n\n\n<li><a href='?page_no=37000'>37000<\/a><\/li>\n\n    \n\t\n\n<li >\n\t<a href='?page_no=14319'>Next<\/a>\n\t<\/li>\n\n\n    \n\n<li><a href='?page_no=37000'>Last &rsaquo;&rsaquo;<\/a><\/li>\n\n<\/ul>\n\n\n--><br \/>\n<\/body><\/p>\n","protected":false},"excerpt":{"rendered":"<p>Santo Domingo, R. D., 17 de octubre.- El ingeniero Tem\u00edstocles Mont\u00e1s recorrer\u00e1 entre el s\u00e1bado y el domingo los municipios cabecera de cinco provincias del Este del pa\u00eds en la continuaci\u00f3n de sus contactos y encuentros en busca de la nominaci\u00f3n presidencial por el Partido de la Liberaci\u00f3n Dominicana (PLD) en 2016, anunci\u00f3 este viernes [&hellip;]<\/p>\n","protected":false},"author":3,"featured_media":0,"comment_status":"open","ping_status":"open","sticky":false,"template":"","format":"standard","meta":{"footnotes":""},"categories":[22],"tags":[],"class_list":["post-161854","post","type-post","status-publish","format-standard","hentry","category-politica"],"_links":{"self":[{"href":"https:\/\/diariodominicano.com\/index.php?rest_route=\/wp\/v2\/posts\/161854","targetHints":{"allow":["GET"]}}],"collection":[{"href":"https:\/\/diariodominicano.com\/index.php?rest_route=\/wp\/v2\/posts"}],"about":[{"href":"https:\/\/diariodominicano.com\/index.php?rest_route=\/wp\/v2\/types\/post"}],"author":[{"embeddable":true,"href":"https:\/\/diariodominicano.com\/index.php?rest_route=\/wp\/v2\/users\/3"}],"replies":[{"embeddable":true,"href":"https:\/\/diariodominicano.com\/index.php?rest_route=%2Fwp%2Fv2%2Fcomments&post=161854"}],"version-history":[{"count":0,"href":"https:\/\/diariodominicano.com\/index.php?rest_route=\/wp\/v2\/posts\/161854\/revisions"}],"wp:attachment":[{"href":"https:\/\/diariodominicano.com\/index.php?rest_route=%2Fwp%2Fv2%2Fmedia&parent=161854"}],"wp:term":[{"taxonomy":"category","embeddable":true,"href":"https:\/\/diariodominicano.com\/index.php?rest_route=%2Fwp%2Fv2%2Fcategories&post=161854"},{"taxonomy":"post_tag","embeddable":true,"href":"https:\/\/diariodominicano.com\/index.php?rest_route=%2Fwp%2Fv2%2Ftags&post=161854"}],"curies":[{"name":"wp","href":"https:\/\/api.w.org\/{rel}","templated":true}]}}