{"id":161853,"date":"2014-10-18T00:00:30","date_gmt":"2014-10-18T00:00:30","guid":{"rendered":"http:\/\/diariodominicano.ddns.net\/?p=161853"},"modified":"2014-10-18T00:00:30","modified_gmt":"2014-10-18T00:00:30","slug":"quique-antun-se-reune-con-minou-tavarez-para-discutir-sobre-ley-de-partidos-politicos","status":"publish","type":"post","link":"https:\/\/diariodominicano.com\/?p=161853","title":{"rendered":"Quique Ant\u00fan se re\u00fane con Minou Tav\u00e1rez para discutir sobre ley de partidos pol\u00edticos"},"content":{"rendered":"<p><body><\/p>\n<p><img decoding=\"async\" src=\"img3\/minu-quique.JPG\" \/>  <\/p>\n<p><span class=\"text1noticias\">Santo Domingo, R. D., 17 de octubre.- El presidente del Partido Reformista Social Cristiano, PRSC, ingeniero Federico Ant\u00fan Batlle (Quique), y la diputada independiente Minou Tav\u00e1rez Mirabal se reunieron este viernes para compartir ideas y criterios sobre la ley de partidos pol\u00edticos que se conoce en el Congreso Nacional.<\/span><\/p>\n<p><span class=\"text1noticias\"> <\/span><\/p>\n<p><span class=\"text1noticias\">Quique Ant\u00fan recibi\u00f3 a la legisladora en la sede principal del PRSC, de la avenida Tiradentes, de la Capital, junto al diputado reformista V\u00edctor ?Ito- Bison\u00f3, donde tambi\u00e9n trataron otros dem\u00e1s nacionales.<\/span><\/p>\n<p><span class=\"text1noticias\"> <\/span><\/p>\n<p><span class=\"text1noticias\">Al t\u00e9rmino del encuentro, el presidente de los reformistas dijo a la prensa que en la conversaci\u00f3n se manifestaron de acuerdo de que se aprueba una ley de partidos, \u00abpero concomitantemente con una ley electoral que de alguna manera de garant\u00eda a las diferentes fuerzas democr\u00e1ticas de la naci\u00f3n de un sistema con equidad\u00bb.<\/span><\/p>\n<p><span class=\"text1noticias\"> <\/span><\/p>\n<p><span class=\"text1noticias\">\u00abEstamos luchando por la democracia y el fortalecimiento del sistema de partidos y ese es precisamente el objetivo de la visita a nuestro partido de la diputado Minou Tav\u00e1rez Mirabal, con la que tenemos una relaci\u00f3n personal y familiar\u00bb, agreg\u00f3 Quique Ant\u00fan.<\/span><\/p>\n<p><span class=\"text1noticias\"> <\/span><\/p>\n<p><span class=\"text1noticias\">De su lado, la legisladora independiente explic\u00f3 que lo que se busca es la aprobaci\u00f3n de una ley de partidos y una ley electoral para que en el pa\u00eds pueda haber una participaci\u00f3n con equidad en los procesos electorales y una mejor\u00eda en el sistema democr\u00e1tico.<\/span><\/p>\n<p><span class=\"text1noticias\"> <\/span><\/p>\n<p><span class=\"text1noticias\">\u00abConversamos de la preocupaci\u00f3n que se puede crear de cara a las pr\u00f3ximas elecciones si no hemos aprobado una regulaci\u00f3n tanto a nivel interno de los partidos, que es una demanda de la sociedad desde hace muchos a\u00f1os, y que nosotros en el Congreso la hemos vivido con mucha fuerza, y tambi\u00e9n a nivel electoral\u00bb, dijo.<\/span><\/p>\n<p><span class=\"text1noticias\"> <\/span><\/p>\n<p><span class=\"text1noticias\">Minou Tav\u00e1rez explic\u00f3 que la coyuntura que va a ver en el 2016 es una coyuntura que no se ve desde 1994, \u00abque es el hecho de que se van a escoger las autoridades a todos los niveles y eso va a complicar esas elecciones y la va a complicar en muchos sentidos\u00bb.<\/span><\/p>\n<p><span class=\"text1noticias\"> <\/span><\/p>\n<p><span class=\"text1noticias\">Entiende que se necesita un cambio o por lo menos ser regulado los procesos electorales, \u00abporque como est\u00e1 la cosa actualmente no le conviene al pa\u00eds, pero sobre todo a la juventud que incursiona en la pol\u00edtica porque no van a poder competir nunca con alguien que tenga el manejo de recursos p\u00fablicos en violaciones a las disposiciones constitucionales que dicen que debe haber equidad para la participaron pol\u00edtica\u00bb.<\/span><\/p>\n<p><span class=\"text1noticias\"> <\/span><\/p>\n<p><span class=\"text1noticias\">Al final de la reuni\u00f3n la diputada Minou Tav\u00e1rez salud\u00f3 a decenas de dirigentes de la Juventud Reformista Social Cristiana (JRSC), as\u00ed como al primer vicepresidente del PRSC, Louis Bogaert; al secretario nacional de Organizaci\u00f3n, Miguel Bogaert, y al tambi\u00e9n vicepresidente y secretario ejecutivo del PRSC, Sergio Cede\u00f1o.<\/span><\/p>\n<p><span class=\"text1noticias\"> <\/span><\/p>\n<p><span class=\"text1noticias\">El diputado reformista Ito Bison\u00f3 tambi\u00e9n se refiri\u00f3 al tema de la ley electoral y dijo que lo hab\u00eda tratado con el presidente del PRSC, ingeniero Quique Ant\u00fan, y con la propia Minou Tav\u00e1rez, con la que coparte escenario en la C\u00e1mara Baja.<\/span><\/p>\n<p><span class=\"text1noticias\"> <\/span><\/p>\n<p><span class=\"text1noticias\">\u00abCoincidimos con la inquietud de tener una ley de partidos y un c\u00f3digo electoral para fortalecer la democracia dominicana\u00bb, apunt\u00f3 f<\/span>inalmente.<\/p>\n<h6> 2014-10-18 00:00:30 <\/h6>\n<p><!--\n<link rel=\"stylesheet\" href=\"css\/bootstrap.min.css\">\n\n\n<ul class=\"pagination\">\n\t    \n\t\n\n<li >\n\t<a href='?page_no=14316'>Previous<\/a>\n\t<\/li>\n\n\n       \n    \n\n<li><a href='?page_no=1'>1<\/a><\/li>\n\n\n\n<li><a href='?page_no=2'>2<\/a><\/li>\n\n\n\n<li><a>...<\/a><\/li>\n\n\n\n<li><a href='?page_no=14315'>14315<\/a><\/li>\n\n\n\n<li><a href='?page_no=14316'>14316<\/a><\/li>\n\n\n\n<li class='active'><a>14317<\/a><\/li>\n\n\n\n<li><a href='?page_no=14318'>14318<\/a><\/li>\n\n\n\n<li><a href='?page_no=14319'>14319<\/a><\/li>\n\n\n\n<li><a>...<\/a><\/li>\n\n\n\n<li><a href='?page_no=36999'>36999<\/a><\/li>\n\n\n\n<li><a href='?page_no=37000'>37000<\/a><\/li>\n\n    \n\t\n\n<li >\n\t<a href='?page_no=14318'>Next<\/a>\n\t<\/li>\n\n\n    \n\n<li><a href='?page_no=37000'>Last &rsaquo;&rsaquo;<\/a><\/li>\n\n<\/ul>\n\n\n--><br \/>\n<\/body><\/p>\n","protected":false},"excerpt":{"rendered":"<p>Santo Domingo, R. D., 17 de octubre.- El presidente del Partido Reformista Social Cristiano, PRSC, ingeniero Federico Ant\u00fan Batlle (Quique), y la diputada independiente Minou Tav\u00e1rez Mirabal se reunieron este viernes para compartir ideas y criterios sobre la ley de partidos pol\u00edticos que se conoce en el Congreso Nacional. Quique Ant\u00fan recibi\u00f3 a la legisladora [&hellip;]<\/p>\n","protected":false},"author":3,"featured_media":0,"comment_status":"open","ping_status":"open","sticky":false,"template":"","format":"standard","meta":{"footnotes":""},"categories":[22],"tags":[],"class_list":["post-161853","post","type-post","status-publish","format-standard","hentry","category-politica"],"_links":{"self":[{"href":"https:\/\/diariodominicano.com\/index.php?rest_route=\/wp\/v2\/posts\/161853","targetHints":{"allow":["GET"]}}],"collection":[{"href":"https:\/\/diariodominicano.com\/index.php?rest_route=\/wp\/v2\/posts"}],"about":[{"href":"https:\/\/diariodominicano.com\/index.php?rest_route=\/wp\/v2\/types\/post"}],"author":[{"embeddable":true,"href":"https:\/\/diariodominicano.com\/index.php?rest_route=\/wp\/v2\/users\/3"}],"replies":[{"embeddable":true,"href":"https:\/\/diariodominicano.com\/index.php?rest_route=%2Fwp%2Fv2%2Fcomments&post=161853"}],"version-history":[{"count":0,"href":"https:\/\/diariodominicano.com\/index.php?rest_route=\/wp\/v2\/posts\/161853\/revisions"}],"wp:attachment":[{"href":"https:\/\/diariodominicano.com\/index.php?rest_route=%2Fwp%2Fv2%2Fmedia&parent=161853"}],"wp:term":[{"taxonomy":"category","embeddable":true,"href":"https:\/\/diariodominicano.com\/index.php?rest_route=%2Fwp%2Fv2%2Fcategories&post=161853"},{"taxonomy":"post_tag","embeddable":true,"href":"https:\/\/diariodominicano.com\/index.php?rest_route=%2Fwp%2Fv2%2Ftags&post=161853"}],"curies":[{"name":"wp","href":"https:\/\/api.w.org\/{rel}","templated":true}]}}