{"id":161852,"date":"2014-10-18T03:01:55","date_gmt":"2014-10-18T03:01:55","guid":{"rendered":"http:\/\/diariodominicano.ddns.net\/?p=161852"},"modified":"2014-10-18T03:01:55","modified_gmt":"2014-10-18T03:01:55","slug":"pld-madrid-reconoce-a-cesar-medina","status":"publish","type":"post","link":"https:\/\/diariodominicano.com\/?p=161852","title":{"rendered":"PLD Madrid  reconoce a C\u00e9sar Medina"},"content":{"rendered":"<p><body><\/p>\n<p><img decoding=\"async\" src=\"img3\/Madrid.jpg\" \/>  <\/p>\n<p><span class=\"text1noticias\">Madrid, Espa\u00f1a, 17 de octubre.- El Partido de la Liberaci\u00f3n Dominicana de la Seccional Alberto Aybar, reconoce la labor del  Embajador Don C\u00e9sar Medina Abreu quien ocupo casi 6 a\u00f1os en la Misi\u00f3n Diplom\u00e1tica en la Embajada de la Rep\u00fablica Dominicana ante el Reino de Espa\u00f1a.<\/span><\/p>\n<p><span class=\"text1noticias\"> <\/span><\/p>\n<p><span class=\"text1noticias\">Don Frank Bencosme, presidente del PLD en Madrid, externo las palabras de motivaci\u00f3n resaltando as\u00ed el buen acercamiento del se\u00f1or Embajador ante la comunidad Dominicana y la cercan\u00eda y el respeto que ha manifestado siempre con el partido, por lo que se le hace entrega de una placa de reconocimiento.<\/span><\/p>\n<p><span class=\"text1noticias\"> <\/span><\/p>\n<p><span class=\"text1noticias\">Don C\u00e9sar Medina, agradeci\u00f3 a todos los presentes,  destacando en sus palabras el compromiso que ha tenido con el gobierno y con el  PLD y que seguir\u00e1 teniendo a pesar de no estar inscrito de manera oficial en el mismo. <\/span><\/p>\n<p><span class=\"text1noticias\"> <\/span><\/p>\n<p><span class=\"text1noticias\">En el acto participaron  adem\u00e1s  Don Santiago Rodr\u00edguez Ministro Consejero y Miembro del Comit\u00e9 Central; Don Roberto Jim\u00e9nez, Miembro Comit\u00e9 Central; Don Juan Cuevas, C\u00f3nsul General de Madrid; Do\u00f1a Clara Morel; Ministra Consejera y Secretaria de Actos y protocolo;  Do\u00f1a Lucinda Ram\u00edrez, Secretaria de la Secretaria de la Mujer.<\/span><\/p>\n<p><span class=\"text1noticias\"> <\/span><\/p>\n<p><span class=\"text1noticias\">Asimismo, Teodoro Reyes; Luis Columna, Braulis Matos,  miembros  de la Direcci\u00f3n Seccional, adem\u00e1s de otros pelede\u00edstas que tomaron la palabra para felicitar a Cesar Medina por la labor desempe\u00f1ada. Luego de la foto en conjunto los invitados pudieron compartir y brindar con un refrigerio.<\/span><\/p>\n<h6> 2014-10-18 03:01:55 <\/h6>\n<p><!--\n<link rel=\"stylesheet\" href=\"css\/bootstrap.min.css\">\n\n\n<ul class=\"pagination\">\n\t    \n\t\n\n<li >\n\t<a href='?page_no=14315'>Previous<\/a>\n\t<\/li>\n\n\n       \n    \n\n<li><a href='?page_no=1'>1<\/a><\/li>\n\n\n\n<li><a href='?page_no=2'>2<\/a><\/li>\n\n\n\n<li><a>...<\/a><\/li>\n\n\n\n<li><a href='?page_no=14314'>14314<\/a><\/li>\n\n\n\n<li><a href='?page_no=14315'>14315<\/a><\/li>\n\n\n\n<li class='active'><a>14316<\/a><\/li>\n\n\n\n<li><a href='?page_no=14317'>14317<\/a><\/li>\n\n\n\n<li><a href='?page_no=14318'>14318<\/a><\/li>\n\n\n\n<li><a>...<\/a><\/li>\n\n\n\n<li><a href='?page_no=36999'>36999<\/a><\/li>\n\n\n\n<li><a href='?page_no=37000'>37000<\/a><\/li>\n\n    \n\t\n\n<li >\n\t<a href='?page_no=14317'>Next<\/a>\n\t<\/li>\n\n\n    \n\n<li><a href='?page_no=37000'>Last &rsaquo;&rsaquo;<\/a><\/li>\n\n<\/ul>\n\n\n--><br \/>\n<\/body><\/p>\n","protected":false},"excerpt":{"rendered":"<p>Madrid, Espa\u00f1a, 17 de octubre.- El Partido de la Liberaci\u00f3n Dominicana de la Seccional Alberto Aybar, reconoce la labor del Embajador Don C\u00e9sar Medina Abreu quien ocupo casi 6 a\u00f1os en la Misi\u00f3n Diplom\u00e1tica en la Embajada de la Rep\u00fablica Dominicana ante el Reino de Espa\u00f1a. Don Frank Bencosme, presidente del PLD en Madrid, externo [&hellip;]<\/p>\n","protected":false},"author":3,"featured_media":0,"comment_status":"open","ping_status":"open","sticky":false,"template":"","format":"standard","meta":{"footnotes":""},"categories":[22],"tags":[],"class_list":["post-161852","post","type-post","status-publish","format-standard","hentry","category-politica"],"_links":{"self":[{"href":"https:\/\/diariodominicano.com\/index.php?rest_route=\/wp\/v2\/posts\/161852","targetHints":{"allow":["GET"]}}],"collection":[{"href":"https:\/\/diariodominicano.com\/index.php?rest_route=\/wp\/v2\/posts"}],"about":[{"href":"https:\/\/diariodominicano.com\/index.php?rest_route=\/wp\/v2\/types\/post"}],"author":[{"embeddable":true,"href":"https:\/\/diariodominicano.com\/index.php?rest_route=\/wp\/v2\/users\/3"}],"replies":[{"embeddable":true,"href":"https:\/\/diariodominicano.com\/index.php?rest_route=%2Fwp%2Fv2%2Fcomments&post=161852"}],"version-history":[{"count":0,"href":"https:\/\/diariodominicano.com\/index.php?rest_route=\/wp\/v2\/posts\/161852\/revisions"}],"wp:attachment":[{"href":"https:\/\/diariodominicano.com\/index.php?rest_route=%2Fwp%2Fv2%2Fmedia&parent=161852"}],"wp:term":[{"taxonomy":"category","embeddable":true,"href":"https:\/\/diariodominicano.com\/index.php?rest_route=%2Fwp%2Fv2%2Fcategories&post=161852"},{"taxonomy":"post_tag","embeddable":true,"href":"https:\/\/diariodominicano.com\/index.php?rest_route=%2Fwp%2Fv2%2Ftags&post=161852"}],"curies":[{"name":"wp","href":"https:\/\/api.w.org\/{rel}","templated":true}]}}