{"id":161851,"date":"2014-10-18T14:45:18","date_gmt":"2014-10-18T14:45:18","guid":{"rendered":"http:\/\/diariodominicano.ddns.net\/?p=161851"},"modified":"2014-10-18T14:45:18","modified_gmt":"2014-10-18T14:45:18","slug":"gobernador-de-nueva-york-se-reune-con-principales-lideres-politico-de-la-rd","status":"publish","type":"post","link":"https:\/\/diariodominicano.com\/?p=161851","title":{"rendered":"Gobernador de Nueva York se re\u00fane con principales l\u00edderes pol\u00edtico de la RD"},"content":{"rendered":"<p><body><\/p>\n<p><img decoding=\"async\" src=\"img3\/mike 18.jpg\" \/><br \/><img decoding=\"async\" src=\"img3\/ito 18.jpg\" \/><br \/><img decoding=\"async\" src=\"img3\/con leonel 18.jpg\" \/>  <\/p>\n<p>Santo Domingo RD 18 octubre.-  El gobernador de Nueva York, Andrew Cuomo, se reuni\u00f3 este viernes con el Presidente Danilo Medina y otros l\u00edderes de la Rep\u00fablica Dominicana a quienes manifest\u00f3 inter\u00e9s en estrechar lazos con este pa\u00eds.<\/p>\n<\/p>\n<p>Entre estos \u00faltimos figuraron los ex presidentes Leonel Fern\u00e1ndez e Hip\u00f3lito Mej\u00eda, el presidente del PRD Miguel Vargas Maldonado, el precandidato presidencial reformista V\u00edctor Bison\u00f3.<\/p>\n<\/p>\n<p>\u00abEsa es mi pr\u00f3xima prioridad, por lo que a principios del pr\u00f3ximo a\u00f1o vamos a crear nuevos veh\u00edculos econ\u00f3micos que permitir\u00e1n la capitalizaci\u00f3n de empresas dominicanas y neoyorquinas\u00bb, manifest\u00f3.<\/p>\n<\/p>\n<p>Agreg\u00f3 que \u00abestoy interesado en un esfuerzo de desarrollo econ\u00f3mico continuo y profundizado del estado de Nueva York y la Rep\u00fablica Dominicana, por lo que regresar\u00e9 pronto para incentivar el intercambio comercial y motorizar el fortalecimiento de nuestras relaciones\u00bb.<\/p>\n<\/p>\n<p><strong>Con el Presidente Medina<\/strong><\/p>\n<\/p>\n<p>El encuentro con el Presidente Medina fue en el Palacio Nacional. Cuomo dijo que expuso al mandatario su inter\u00e9s en aspectos econ\u00f3micos y de educaci\u00f3n, que incluyen un proyecto que desarrolla su gesti\u00f3n en el pre k\u00ednder, donde fue recibido por el ministro Administrativo de la Presidencia, Jos\u00e9 Ram\u00f3n Peralta. <\/p>\n<\/p>\n<p>Tambi\u00e9n acompa\u00f1aron al Gobernador. Adem\u00e1s, durante el periodo 1997-2001 desempe\u00f1\u00f3 la funci\u00f3n de secretario de Vivienda de los Estados Unidos.<\/p>\n<\/p>\n<p>El pol\u00edtico estadounidense, que buscar\u00e1 reelegirse en noviembre, visita por primera vez Rep\u00fablica Dominicana, donde tambi\u00e9n tiene previsto entrevistarse con el expresidente Leonel Fern\u00e1ndez.<\/p>\n<\/p>\n<p><strong>Miguel Vargas<\/strong><\/p>\n<\/p>\n<p>Con Vargas convers\u00f3 sobre el fortalecimiento de las relaciones entre Estados Unidos y la Rep\u00fablica Dominicana; el crecimiento de las inversiones y la cooperaci\u00f3n estadounidense y la ampliaci\u00f3n de oportunidades la comunidad dominicana en Nueva York.<\/p>\n<\/p>\n<p><strong>V\u00edctor Bison\u00f3<\/strong><\/p>\n<\/p>\n<p>Bison\u00f3 se mostr\u00f3 complacido tras la reuni\u00f3n con Cuomo y dijo que \u00abfue un intercambio de ideas e impresiones de la realidad de nuestros compatriotas en Nueva York, quienes aportan en gran medida a la econom\u00eda de la Rep\u00fablica Dominicana por medio de remesas\u00bb.<\/p>\n<p><strong> <\/strong><\/p>\n<p><strong>Acuerda proyectos con Leonel <\/strong><\/p>\n<\/p>\n<p>En la tarde el Gobernador se reuni\u00f3 en la sede de la Fundaci\u00f3n Global Democracia y Desarrollo (Funglode) con el ex presidente Fern\u00e1ndez, varios empresarios, legisladores y funcionarios municipales de origen dominicano que residen en los Estados Unidos.<\/p>\n<\/p>\n<p>Durante el encuentro, Cuomo explic\u00f3 los pormenores de \u00abGlobal NY\u00bb, una iniciativa de su administraci\u00f3n que busca crear las condiciones para que el Estado de Nueva York pueda mejorar y aprovechar al m\u00e1ximo su alto potencial de crecimiento as\u00ed como sus atractivos internacionales.<\/p>\n<\/p>\n<p>De su lado, el expresidente Fern\u00e1ndez le present\u00f3 la Iniciativa Ciudades Globales, un plan de trabajo que impulsa Funglode a <\/p>\n<p>trav\u00e9s de la GFDD, su representaci\u00f3n en los Estados Unidos, la cual tiene como objetivo crear cap\u00edtulos de intercambio entre Am\u00e9rica Latina y el Caribe con Nueva York y otras ciudades globales en el campo de las pol\u00edticas p\u00fablicas, comercio, transporte, innovaci\u00f3n y tecnolog\u00eda.<\/p>\n<\/p>\n<p>\u00abSostuvimos un encuentro productivo donde acordamos desarrollar de manera conjunta un mecanismo institucional para crear sinergias multisectoriales entre el Estado de Nueva York, Am\u00e9rica Latina y el Caribe con la Rep\u00fablica Dominicana\u00bb, declar\u00f3 Fern\u00e1ndez.<\/p>\n<\/p>\n<p>Al encuentro, que se realiz\u00f3 en la cuarta planta de la sede de Funglode, asistieron los empresarios Jos\u00e9 Luis Corripio Estrada (Pep\u00edn), Juan Ram\u00f3n G\u00f3mez D\u00edaz, Pedro Juan Lama, Mario Lama hijo, Guillermo Senci\u00f3n (padre), Guillermo Senci\u00f3n (hijo) y Luis Manuel Bonetti as\u00ed como el ex vicepresidente de la Rep\u00fablica, doctor Rafael Alburquerque.<\/p>\n<p><strong> <\/strong><\/p>\n<p><strong>Hip\u00f3lito Mej\u00eda<\/strong><\/p>\n<\/p>\n<p>El ex presidente Hip\u00f3lito Mej\u00eda recibi\u00f3 a Cuomo en su residencia y hablaron de temas de inter\u00e9s de los dominicanos residentes en la Ciudad de Nueva York, entre ellos, el empoderamiento de los dominicanos en la  econom\u00eda, la pol\u00edtica,  entre otros.<\/p>\n<\/p>\n<p>Ambos resaltaron los  grandes  aportes que en \u00e1mbito  cultural, educativo, econ\u00f3mico, y pol\u00edtico hacen los dominicanos residentes en la ciudad de Nueva York<\/p>\n<h6> 2014-10-18 14:45:18 <\/h6>\n<p><!--\n<link rel=\"stylesheet\" href=\"css\/bootstrap.min.css\">\n\n\n<ul class=\"pagination\">\n\t    \n\t\n\n<li >\n\t<a href='?page_no=14314'>Previous<\/a>\n\t<\/li>\n\n\n       \n    \n\n<li><a href='?page_no=1'>1<\/a><\/li>\n\n\n\n<li><a href='?page_no=2'>2<\/a><\/li>\n\n\n\n<li><a>...<\/a><\/li>\n\n\n\n<li><a href='?page_no=14313'>14313<\/a><\/li>\n\n\n\n<li><a href='?page_no=14314'>14314<\/a><\/li>\n\n\n\n<li class='active'><a>14315<\/a><\/li>\n\n\n\n<li><a href='?page_no=14316'>14316<\/a><\/li>\n\n\n\n<li><a href='?page_no=14317'>14317<\/a><\/li>\n\n\n\n<li><a>...<\/a><\/li>\n\n\n\n<li><a href='?page_no=36999'>36999<\/a><\/li>\n\n\n\n<li><a href='?page_no=37000'>37000<\/a><\/li>\n\n    \n\t\n\n<li >\n\t<a href='?page_no=14316'>Next<\/a>\n\t<\/li>\n\n\n    \n\n<li><a href='?page_no=37000'>Last &rsaquo;&rsaquo;<\/a><\/li>\n\n<\/ul>\n\n\n--><br \/>\n<\/body><\/p>\n","protected":false},"excerpt":{"rendered":"<p>Santo Domingo RD 18 octubre.- El gobernador de Nueva York, Andrew Cuomo, se reuni\u00f3 este viernes con el Presidente Danilo Medina y otros l\u00edderes de la Rep\u00fablica Dominicana a quienes manifest\u00f3 inter\u00e9s en estrechar lazos con este pa\u00eds. Entre estos \u00faltimos figuraron los ex presidentes Leonel Fern\u00e1ndez e Hip\u00f3lito Mej\u00eda, el presidente del PRD Miguel [&hellip;]<\/p>\n","protected":false},"author":3,"featured_media":0,"comment_status":"open","ping_status":"open","sticky":false,"template":"","format":"standard","meta":{"footnotes":""},"categories":[22],"tags":[],"class_list":["post-161851","post","type-post","status-publish","format-standard","hentry","category-politica"],"_links":{"self":[{"href":"https:\/\/diariodominicano.com\/index.php?rest_route=\/wp\/v2\/posts\/161851","targetHints":{"allow":["GET"]}}],"collection":[{"href":"https:\/\/diariodominicano.com\/index.php?rest_route=\/wp\/v2\/posts"}],"about":[{"href":"https:\/\/diariodominicano.com\/index.php?rest_route=\/wp\/v2\/types\/post"}],"author":[{"embeddable":true,"href":"https:\/\/diariodominicano.com\/index.php?rest_route=\/wp\/v2\/users\/3"}],"replies":[{"embeddable":true,"href":"https:\/\/diariodominicano.com\/index.php?rest_route=%2Fwp%2Fv2%2Fcomments&post=161851"}],"version-history":[{"count":0,"href":"https:\/\/diariodominicano.com\/index.php?rest_route=\/wp\/v2\/posts\/161851\/revisions"}],"wp:attachment":[{"href":"https:\/\/diariodominicano.com\/index.php?rest_route=%2Fwp%2Fv2%2Fmedia&parent=161851"}],"wp:term":[{"taxonomy":"category","embeddable":true,"href":"https:\/\/diariodominicano.com\/index.php?rest_route=%2Fwp%2Fv2%2Fcategories&post=161851"},{"taxonomy":"post_tag","embeddable":true,"href":"https:\/\/diariodominicano.com\/index.php?rest_route=%2Fwp%2Fv2%2Ftags&post=161851"}],"curies":[{"name":"wp","href":"https:\/\/api.w.org\/{rel}","templated":true}]}}