{"id":161850,"date":"2014-10-18T14:57:19","date_gmt":"2014-10-18T14:57:19","guid":{"rendered":"http:\/\/diariodominicano.ddns.net\/?p=161850"},"modified":"2014-10-18T14:57:19","modified_gmt":"2014-10-18T14:57:19","slug":"anuncian-lanzamiento-nuevo-movimiento-a-favor-candidatura-de-leonel-fernandez","status":"publish","type":"post","link":"https:\/\/diariodominicano.com\/?p=161850","title":{"rendered":"Anuncian lanzamiento nuevo movimiento a favor candidatura de Leonel Fern\u00e1ndez"},"content":{"rendered":"<p><body><\/p>\n<p>Santo Domingo RD 18 octubre.-  Leonel 16 es el nombre de un nuevo movimiento que ser\u00e1 presentado al p\u00fablico este domingo en respaldo a la candidatura del ex presidente Leonel Fern\u00e1ndez, por el PLD, para las elecciones del 2016.<\/p>\n<\/p>\n<p>El acto est\u00e1 pautado para las 10:00 de la ma\u00f1ana en el centro deportivo Mauricio B\u00e1ez de Villa Juana, en esta Capital y contar\u00e1 con la presencia del ex presidente, quien pronunciar\u00e1 el discurso central.<\/p>\n<\/p>\n<p>En una nota enviada a ALMOMENTO.NET, se informa que la naciente agrupaci\u00f3n pol\u00edtica est\u00e1 integrada por l\u00edderes de 30 organizaciones sociales y comunitarias, iglesias de distintas denominaciones, gremios profesionales, sindicatos y ciudadanos que nunca hab\u00edan participado en la actividad pol\u00edtico-partidaria.<\/p>\n<\/p>\n<p>Explican que decidieron unirse a la proclama por el retorno de Fern\u00e1ndez a la presidencia de la rep\u00fablica porque lo consideran como la \u00fanica opci\u00f3n segura para que el PLD se mantenga en el poder m\u00e1s all\u00e1 del 2016.<\/p>\n<\/p>\n<p>Destacan que durante los tres per\u00edodos de gobierno del hoy presidente del PLD, la econom\u00eda dominicana mantuvo un crecimiento promedio de 6.8%, apoyada en la estabilidad monetaria y fiscal, aumento de la inversi\u00f3n extranjera, lo cual impact\u00f3 positivamente en la reducci\u00f3n  del desempleo y la pobreza.<\/p>\n<\/p>\n<p>\u00abSolo un l\u00edder visionario con extraordinario talento y capacidad gerencial como Leonel Fern\u00e1ndez fue capaz de alcanzar esos  logros, en un entorno global adverso, generado por la grave crisis econ\u00f3mica de los Estados Unidos, Asia y Europa\u00bb, exponen.<\/p>\n<\/p>\n<p>Citan la construcci\u00f3n de obras de infraestructura, como el Metro de Santo Domingo, t\u00faneles, avenidas, miles de escuelas, centros tecnol\u00f3gicos y el fortalecimiento de la salud, la producci\u00f3n agropecuaria  y la educaci\u00f3n como un legado tangible y valioso de los gobiernos del peledeistas en los per\u00edodos 1996-2000 y del 2004 al 2012.<\/p>\n<h6> 2014-10-18 14:57:19 <\/h6>\n<p><!--\n<link rel=\"stylesheet\" href=\"css\/bootstrap.min.css\">\n\n\n<ul class=\"pagination\">\n\t    \n\t\n\n<li >\n\t<a href='?page_no=14313'>Previous<\/a>\n\t<\/li>\n\n\n       \n    \n\n<li><a href='?page_no=1'>1<\/a><\/li>\n\n\n\n<li><a href='?page_no=2'>2<\/a><\/li>\n\n\n\n<li><a>...<\/a><\/li>\n\n\n\n<li><a href='?page_no=14312'>14312<\/a><\/li>\n\n\n\n<li><a href='?page_no=14313'>14313<\/a><\/li>\n\n\n\n<li class='active'><a>14314<\/a><\/li>\n\n\n\n<li><a href='?page_no=14315'>14315<\/a><\/li>\n\n\n\n<li><a href='?page_no=14316'>14316<\/a><\/li>\n\n\n\n<li><a>...<\/a><\/li>\n\n\n\n<li><a href='?page_no=36999'>36999<\/a><\/li>\n\n\n\n<li><a href='?page_no=37000'>37000<\/a><\/li>\n\n    \n\t\n\n<li >\n\t<a href='?page_no=14315'>Next<\/a>\n\t<\/li>\n\n\n    \n\n<li><a href='?page_no=37000'>Last &rsaquo;&rsaquo;<\/a><\/li>\n\n<\/ul>\n\n\n--><br \/>\n<\/body><\/p>\n","protected":false},"excerpt":{"rendered":"<p>Santo Domingo RD 18 octubre.- Leonel 16 es el nombre de un nuevo movimiento que ser\u00e1 presentado al p\u00fablico este domingo en respaldo a la candidatura del ex presidente Leonel Fern\u00e1ndez, por el PLD, para las elecciones del 2016. El acto est\u00e1 pautado para las 10:00 de la ma\u00f1ana en el centro deportivo Mauricio B\u00e1ez [&hellip;]<\/p>\n","protected":false},"author":3,"featured_media":0,"comment_status":"open","ping_status":"open","sticky":false,"template":"","format":"standard","meta":{"footnotes":""},"categories":[22],"tags":[],"class_list":["post-161850","post","type-post","status-publish","format-standard","hentry","category-politica"],"_links":{"self":[{"href":"https:\/\/diariodominicano.com\/index.php?rest_route=\/wp\/v2\/posts\/161850","targetHints":{"allow":["GET"]}}],"collection":[{"href":"https:\/\/diariodominicano.com\/index.php?rest_route=\/wp\/v2\/posts"}],"about":[{"href":"https:\/\/diariodominicano.com\/index.php?rest_route=\/wp\/v2\/types\/post"}],"author":[{"embeddable":true,"href":"https:\/\/diariodominicano.com\/index.php?rest_route=\/wp\/v2\/users\/3"}],"replies":[{"embeddable":true,"href":"https:\/\/diariodominicano.com\/index.php?rest_route=%2Fwp%2Fv2%2Fcomments&post=161850"}],"version-history":[{"count":0,"href":"https:\/\/diariodominicano.com\/index.php?rest_route=\/wp\/v2\/posts\/161850\/revisions"}],"wp:attachment":[{"href":"https:\/\/diariodominicano.com\/index.php?rest_route=%2Fwp%2Fv2%2Fmedia&parent=161850"}],"wp:term":[{"taxonomy":"category","embeddable":true,"href":"https:\/\/diariodominicano.com\/index.php?rest_route=%2Fwp%2Fv2%2Fcategories&post=161850"},{"taxonomy":"post_tag","embeddable":true,"href":"https:\/\/diariodominicano.com\/index.php?rest_route=%2Fwp%2Fv2%2Ftags&post=161850"}],"curies":[{"name":"wp","href":"https:\/\/api.w.org\/{rel}","templated":true}]}}