{"id":161849,"date":"2014-10-18T17:27:29","date_gmt":"2014-10-18T17:27:29","guid":{"rendered":"http:\/\/diariodominicano.ddns.net\/?p=161849"},"modified":"2014-10-18T17:27:29","modified_gmt":"2014-10-18T17:27:29","slug":"vasquez-y-amaury-justo-critican-que-se-busque-primero-a-un-candidato-sin-organos","status":"publish","type":"post","link":"https:\/\/diariodominicano.com\/?p=161849","title":{"rendered":"V\u00e1squez y Amaury Justo critican que se busque primero a un candidato sin \u00f3rganos"},"content":{"rendered":"<p><body><\/p>\n<p><img decoding=\"async\" src=\"img3\/aspirante 18.jpg\" \/>  <\/p>\n<p>Aspirantes piden que el PRM se organice<\/p>\n<p>V\u00e1squez y Amaury Justo critican que se busque primero a un candidato sin \u00f3rganos<\/p>\n<p>Noticia Comentarios (6)<\/p>\n<p>Imprimir Imprimir Enviar Enviar Favoritos Favoritos   <\/p>\n<p> Geanilda V\u00e1squez y Amaury Justo Duarte.<\/p>\n<p>SANTO DOMINGO. Los aspirantes presidenciales del Partido Revolucionario Moderno (PRM), Geanilda V\u00e1squez y Amaury Justo Duarte, plantearon por separado que esa entidad debe primero crear sus organismos, antes de adelantar el m\u00e9todo o la elecci\u00f3n del candidato presidencial.<\/p>\n<\/p>\n<p>\u00abEl problema no es de tiempo, el problema es que hay que organizar primero al PRM, y que se haga una convenci\u00f3n con el padr\u00f3n de militantes que organice de aqu\u00ed al mes de abril\u00bb, indic\u00f3 Justo Duarte.<\/p>\n<\/p>\n<p>El dirigente pol\u00edtico propuso iniciar un proceso de inscripci\u00f3n de nuevos adeptos para que el PRM tenga estructuras de simpatizantes organizados.<\/p>\n<\/p>\n<p>Consider\u00f3 que la comisi\u00f3n organizadora de la convenci\u00f3n podr\u00eda ser la comisi\u00f3n designada para buscar un m\u00e9todo y que integran la ex vicepresidenta Milagros Ortiz Bosch, Hugo Tolentino Dipp y Te\u00f3filo Tabar.<\/p>\n<\/p>\n<p>La aspirante V\u00e1squez manifest\u00f3 que el PRM primero tiene que identificar cu\u00e1les son sus militantes.<\/p>\n<\/p>\n<p>Advirti\u00f3 que si se decide que sea por encuestas la elecci\u00f3n del candidato presidencial \u00abdebe ser un organismo que lo decida no dos personas porque Hip\u00f3lito y Luis no son el PRM. Somos un partido reci\u00e9n nacido, somos viejos pero somos nuevos y necesitamos darnos tiempo para organizarlo\u00bb, expres\u00f3.<\/p>\n<\/p>\n<h6> 2014-10-18 17:27:29 <\/h6>\n<p><!--\n<link rel=\"stylesheet\" href=\"css\/bootstrap.min.css\">\n\n\n<ul class=\"pagination\">\n\t    \n\t\n\n<li >\n\t<a href='?page_no=14312'>Previous<\/a>\n\t<\/li>\n\n\n       \n    \n\n<li><a href='?page_no=1'>1<\/a><\/li>\n\n\n\n<li><a href='?page_no=2'>2<\/a><\/li>\n\n\n\n<li><a>...<\/a><\/li>\n\n\n\n<li><a href='?page_no=14311'>14311<\/a><\/li>\n\n\n\n<li><a href='?page_no=14312'>14312<\/a><\/li>\n\n\n\n<li class='active'><a>14313<\/a><\/li>\n\n\n\n<li><a href='?page_no=14314'>14314<\/a><\/li>\n\n\n\n<li><a href='?page_no=14315'>14315<\/a><\/li>\n\n\n\n<li><a>...<\/a><\/li>\n\n\n\n<li><a href='?page_no=36999'>36999<\/a><\/li>\n\n\n\n<li><a href='?page_no=37000'>37000<\/a><\/li>\n\n    \n\t\n\n<li >\n\t<a href='?page_no=14314'>Next<\/a>\n\t<\/li>\n\n\n    \n\n<li><a href='?page_no=37000'>Last &rsaquo;&rsaquo;<\/a><\/li>\n\n<\/ul>\n\n\n--><br \/>\n<\/body><\/p>\n","protected":false},"excerpt":{"rendered":"<p>Aspirantes piden que el PRM se organice V\u00e1squez y Amaury Justo critican que se busque primero a un candidato sin \u00f3rganos Noticia Comentarios (6) Imprimir Imprimir Enviar Enviar Favoritos Favoritos Geanilda V\u00e1squez y Amaury Justo Duarte. SANTO DOMINGO. Los aspirantes presidenciales del Partido Revolucionario Moderno (PRM), Geanilda V\u00e1squez y Amaury Justo Duarte, plantearon por separado [&hellip;]<\/p>\n","protected":false},"author":3,"featured_media":0,"comment_status":"open","ping_status":"open","sticky":false,"template":"","format":"standard","meta":{"footnotes":""},"categories":[22],"tags":[],"class_list":["post-161849","post","type-post","status-publish","format-standard","hentry","category-politica"],"_links":{"self":[{"href":"https:\/\/diariodominicano.com\/index.php?rest_route=\/wp\/v2\/posts\/161849","targetHints":{"allow":["GET"]}}],"collection":[{"href":"https:\/\/diariodominicano.com\/index.php?rest_route=\/wp\/v2\/posts"}],"about":[{"href":"https:\/\/diariodominicano.com\/index.php?rest_route=\/wp\/v2\/types\/post"}],"author":[{"embeddable":true,"href":"https:\/\/diariodominicano.com\/index.php?rest_route=\/wp\/v2\/users\/3"}],"replies":[{"embeddable":true,"href":"https:\/\/diariodominicano.com\/index.php?rest_route=%2Fwp%2Fv2%2Fcomments&post=161849"}],"version-history":[{"count":0,"href":"https:\/\/diariodominicano.com\/index.php?rest_route=\/wp\/v2\/posts\/161849\/revisions"}],"wp:attachment":[{"href":"https:\/\/diariodominicano.com\/index.php?rest_route=%2Fwp%2Fv2%2Fmedia&parent=161849"}],"wp:term":[{"taxonomy":"category","embeddable":true,"href":"https:\/\/diariodominicano.com\/index.php?rest_route=%2Fwp%2Fv2%2Fcategories&post=161849"},{"taxonomy":"post_tag","embeddable":true,"href":"https:\/\/diariodominicano.com\/index.php?rest_route=%2Fwp%2Fv2%2Ftags&post=161849"}],"curies":[{"name":"wp","href":"https:\/\/api.w.org\/{rel}","templated":true}]}}