{"id":161848,"date":"2014-10-18T18:06:41","date_gmt":"2014-10-18T18:06:41","guid":{"rendered":"http:\/\/diariodominicano.ddns.net\/?p=161848"},"modified":"2014-10-18T18:06:41","modified_gmt":"2014-10-18T18:06:41","slug":"quique-llama-a-los-reformistas-trabajar-unidos-para-recuperar-plaza-de-santiago","status":"publish","type":"post","link":"https:\/\/diariodominicano.com\/?p=161848","title":{"rendered":"Quique llama a los reformistas trabajar unidos para recuperar plaza de Santiago"},"content":{"rendered":"<p><body><\/p>\n<p><img decoding=\"async\" src=\"img3\/quique.jpg\" \/>  <\/p>\n<p><span class=\"text1noticias\">Santiago, RD, 18 de Octubre.-El presidente del Partido Reformista Social Cristiano (PRSC), ingeniero Federico Ant\u00fan Batlle (Quique), llam\u00f3 a la dirigencia provincial de esa organizaci\u00f3n pol\u00edtica a trabajar unidos y cohesionados para recuperar esta plaza electoral en las elecciones de 2016.<\/span><\/p>\n<\/p>\n<p><span class=\"text1noticias\">\u00abEstamos llamados a hacer sentir nuestro partido y recuperar el espacio electoral  en esta provincia y el pa\u00eds, pero para lograrlo debemos tener la confianza, fraternidad, familiaridad, identidad, solidaridad y compromiso entre todos los reformistas, lo que nos dio muy buenos resultados en el 1994, cuando ganamos aqu\u00ed la sindicatura, la senadur\u00eda y la mayor\u00eda de las diputaciones\u00bb, dijo.<\/span><\/p>\n<\/p>\n<p><span class=\"text1noticias\">Quique Ant\u00fan habl\u00f3 en esos t\u00e9rminos en un concurrido encuentro con los principales dirigentes reformistas de los municipios y distritos municipales de esta provincia, a quienes explic\u00f3 que hay que trabajar para convertir el PRSC en un instrumento del pa\u00eds al servicio de la juventud, de las mujeres y de todos los dominicanos, en especial de los sectores m\u00e1s desprotegidos de la poblaci\u00f3n.<\/span><\/p>\n<\/p>\n<p><span class=\"text1noticias\">\u00abTodos queremos recuperar esta plaza electoral y tambi\u00e9n recuperar el poder, y estamos trabajando para ello porque vemos que aqu\u00ed existe el esfuerzo mancomunado de todos los dirigentes de hacer de Santiago un s\u00edmbolo del Partido Reformista\u00bb, agreg\u00f3 el l\u00edder reformista en medio de fuertes y prolongados aplausos.<\/span><\/p>\n<\/p>\n<p><span class=\"text1noticias\">Insisti\u00f3 que hay que enfocarse en la creaci\u00f3n de una estructura \u00abcon lealtad a la organizaci\u00f3n, a los s\u00edmbolos y principios que nosotros representamos\u00bb.<\/span><\/p>\n<\/p>\n<p><span class=\"text1noticias\">El presidente del PRSC anunci\u00f3 que tan pronto termine el proceso de estructuraci\u00f3n que lleva a cabo el partido a nivel nacional, se dar\u00e1 apertura a las inscripciones de candidaturas para los diferentes cargos de elecci\u00f3n popular.<\/span><\/p>\n<\/p>\n<p><span class=\"text1noticias\">Y aprovecho ?dijo- para hacer un llamado a la dirigencia de nuestro partido a que haya integraci\u00f3n y unidad en el prop\u00f3sito de fortalecer el partido y as\u00ed recuperar el espacio perdido.<\/span><\/p>\n<\/p>\n<p><span class=\"text1noticias\">Quique Ant\u00fan dijo que lo ideal es trabajar para posicionar al Partido Reformista a niveles que otras organizaciones tengan que apoyar las candidaturas que presentar\u00e1 el PRSC a nivel nacional, \u00abes decir, que nosotros seamos los que  encabecemos cualquier alianza electoral, tomando en cuenta que aqu\u00ed ning\u00fan partido gana solo unas elecciones\u00bb<\/span><\/p>\n<p><span class=\"text1noticias\"><strong>Presente<\/strong><\/span><\/p>\n<\/p>\n<p><span class=\"text1noticias\">El l\u00edder de los reformistas estuvo acompa\u00f1ado en el encuentro celebrado en el Hotel Matum de los dirigentes Louis Bogaert, Jos\u00e9 Enrique Sued, M\u00e1ximo Castro Silverio, Marino Collante, Rafael ?Papito- Cruz, Sergio Cede\u00f1o, Milton Ginebra, Sergia Elena de S\u00e9liman, Jos\u00e9 Tatis, Sarah Nolasco y una nutrida representaci\u00f3n de la Juventud Reformista de esta provincia.<\/span><\/p>\n<\/p>\n<p><span class=\"text1noticias\">El encuentro se enmarca dentro de un amplio recorrido que realiza este fin semana el presidente del PRSC por la provincia de Santiago.(HG)<\/span>.<\/p>\n<h6> 2014-10-18 18:06:41 <\/h6>\n<p><!--\n<link rel=\"stylesheet\" href=\"css\/bootstrap.min.css\">\n\n\n<ul class=\"pagination\">\n\t    \n\t\n\n<li >\n\t<a href='?page_no=14311'>Previous<\/a>\n\t<\/li>\n\n\n       \n    \n\n<li><a href='?page_no=1'>1<\/a><\/li>\n\n\n\n<li><a href='?page_no=2'>2<\/a><\/li>\n\n\n\n<li><a>...<\/a><\/li>\n\n\n\n<li><a href='?page_no=14310'>14310<\/a><\/li>\n\n\n\n<li><a href='?page_no=14311'>14311<\/a><\/li>\n\n\n\n<li class='active'><a>14312<\/a><\/li>\n\n\n\n<li><a href='?page_no=14313'>14313<\/a><\/li>\n\n\n\n<li><a href='?page_no=14314'>14314<\/a><\/li>\n\n\n\n<li><a>...<\/a><\/li>\n\n\n\n<li><a href='?page_no=36999'>36999<\/a><\/li>\n\n\n\n<li><a href='?page_no=37000'>37000<\/a><\/li>\n\n    \n\t\n\n<li >\n\t<a href='?page_no=14313'>Next<\/a>\n\t<\/li>\n\n\n    \n\n<li><a href='?page_no=37000'>Last &rsaquo;&rsaquo;<\/a><\/li>\n\n<\/ul>\n\n\n--><br \/>\n<\/body><\/p>\n","protected":false},"excerpt":{"rendered":"<p>Santiago, RD, 18 de Octubre.-El presidente del Partido Reformista Social Cristiano (PRSC), ingeniero Federico Ant\u00fan Batlle (Quique), llam\u00f3 a la dirigencia provincial de esa organizaci\u00f3n pol\u00edtica a trabajar unidos y cohesionados para recuperar esta plaza electoral en las elecciones de 2016. \u00abEstamos llamados a hacer sentir nuestro partido y recuperar el espacio electoral en esta [&hellip;]<\/p>\n","protected":false},"author":3,"featured_media":0,"comment_status":"open","ping_status":"open","sticky":false,"template":"","format":"standard","meta":{"footnotes":""},"categories":[22],"tags":[],"class_list":["post-161848","post","type-post","status-publish","format-standard","hentry","category-politica"],"_links":{"self":[{"href":"https:\/\/diariodominicano.com\/index.php?rest_route=\/wp\/v2\/posts\/161848","targetHints":{"allow":["GET"]}}],"collection":[{"href":"https:\/\/diariodominicano.com\/index.php?rest_route=\/wp\/v2\/posts"}],"about":[{"href":"https:\/\/diariodominicano.com\/index.php?rest_route=\/wp\/v2\/types\/post"}],"author":[{"embeddable":true,"href":"https:\/\/diariodominicano.com\/index.php?rest_route=\/wp\/v2\/users\/3"}],"replies":[{"embeddable":true,"href":"https:\/\/diariodominicano.com\/index.php?rest_route=%2Fwp%2Fv2%2Fcomments&post=161848"}],"version-history":[{"count":0,"href":"https:\/\/diariodominicano.com\/index.php?rest_route=\/wp\/v2\/posts\/161848\/revisions"}],"wp:attachment":[{"href":"https:\/\/diariodominicano.com\/index.php?rest_route=%2Fwp%2Fv2%2Fmedia&parent=161848"}],"wp:term":[{"taxonomy":"category","embeddable":true,"href":"https:\/\/diariodominicano.com\/index.php?rest_route=%2Fwp%2Fv2%2Fcategories&post=161848"},{"taxonomy":"post_tag","embeddable":true,"href":"https:\/\/diariodominicano.com\/index.php?rest_route=%2Fwp%2Fv2%2Ftags&post=161848"}],"curies":[{"name":"wp","href":"https:\/\/api.w.org\/{rel}","templated":true}]}}