{"id":161844,"date":"2014-10-19T14:07:29","date_gmt":"2014-10-19T14:07:29","guid":{"rendered":"http:\/\/diariodominicano.ddns.net\/?p=161844"},"modified":"2014-10-19T14:07:29","modified_gmt":"2014-10-19T14:07:29","slug":"pld-avanza-en-la-aplicacion-del-programa-de-formacion-politica-aprobado-en-su-congreso","status":"publish","type":"post","link":"https:\/\/diariodominicano.com\/?p=161844","title":{"rendered":"&#13;PLD avanza en la aplicaci\u00f3n del programa de Formacion Politica aprobado en su Congreso"},"content":{"rendered":"<p><body><\/p>\n<p><img decoding=\"async\" src=\"img3\/alejandrina.jpg\" \/>  <\/p>\n<p><span class=\"text1noticias\">Santo Domingo, RD, 19 de octubre de 2014.-Los dirigentes del Partido de la Liberaci\u00f3n Dominicana egresados de los diferentes diplomados organizados por el Instituto de Formaci\u00f3n Pol\u00edtica, Profesor Juan Bosch y la Secretar\u00eda de Formaci\u00f3n Pol\u00edtica del PLD, quedaron designados facilitadores para desarrollar el programa formativo en los Comit\u00e9s Intermedios y de Base.<\/span><\/p>\n<p><span class=\"text1noticias\"> <\/span><\/p>\n<p><span class=\"text1noticias\">La decisi\u00f3n se adopt\u00f3 en la reuni\u00f3n realizada con los egresados de esos programas especiales y los integrantes de la Secretaria de Formacion Pol\u00edtica de PLD, que coordina Alejandrina Germ\u00e1n, integrante del Comit\u00e9 Politico.<\/span><\/p>\n<p><span class=\"text1noticias\"> <\/span><\/p>\n<p><span class=\"text1noticias\">El encuentro se desarroll\u00f3 con una alt\u00edsima participaci\u00f3n de los miembros y dirigentes peledeistas, quienes se responsabilizaron a aplicar el programa educativo en pol\u00edtica aprobado por VIII Congreso Ordinario Comandante Norge Botello.<\/span><\/p>\n<p><span class=\"text1noticias\"> <\/span><\/p>\n<p><span class=\"text1noticias\">A los participantes se les entreg\u00f3 un material impreso con el programa y un libro de mas 200 paginas contentivo de los temas a desarrollarse en la presente fase de instrucci\u00f3n de los miembros del PLD.<\/span><\/p>\n<p><span class=\"text1noticias\"> <\/span><\/p>\n<p><span class=\"text1noticias\">En la reuni\u00f3n, Alejandrina Germ\u00e1n ofreci\u00f3 las explicaciones de las particularidades del plan formativo, recordando que a partir de este momento se les exigir\u00e1 a quienes aspiren a candidatos a posiciones electivas locales, nacionales o partidaria, haber aprobado los niveles de formaci\u00f3n pol\u00edtica.(HG)<\/span>.<\/p>\n<\/p>\n<p>En su exposici\u00f3n adelant\u00f3 que la secretar\u00eda que dirige tiene ya concebido el plan evaluativo de las ense\u00f1anzas y los registros de los participantes en los cursos.<\/p>\n<\/p>\n<p>Los asistentes fueron seleccionados para ser facilitadores en la labor formativa de los miembros de los Comit\u00e9s Intermedios en el pa\u00eds y en las Seccionarles en el exterior.<\/p>\n<p>En el pasado VIII Congreso Ordinario Comandante Norge Botello se aprob\u00f3 un programa de Formaci\u00f3n Pol\u00edtica que la secretar\u00eda responsable del tema viene aplicando.<\/p>\n<\/p>\n<p>Primero se desarrollaron seminarios regionales con los presidentes de Comit\u00e9s Provinciales, Municipales, de Circunscripciones e Intermedios y se planifica la etapa formativa en los Comit\u00e9s Intermedios y de Base.<\/p>\n<h6> 2014-10-19 14:07:29 <\/h6>\n<p><!--\n<link rel=\"stylesheet\" href=\"css\/bootstrap.min.css\">\n\n\n<ul class=\"pagination\">\n\t    \n\t\n\n<li >\n\t<a href='?page_no=14308'>Previous<\/a>\n\t<\/li>\n\n\n       \n    \n\n<li><a href='?page_no=1'>1<\/a><\/li>\n\n\n\n<li><a href='?page_no=2'>2<\/a><\/li>\n\n\n\n<li><a>...<\/a><\/li>\n\n\n\n<li><a href='?page_no=14307'>14307<\/a><\/li>\n\n\n\n<li><a href='?page_no=14308'>14308<\/a><\/li>\n\n\n\n<li class='active'><a>14309<\/a><\/li>\n\n\n\n<li><a href='?page_no=14310'>14310<\/a><\/li>\n\n\n\n<li><a href='?page_no=14311'>14311<\/a><\/li>\n\n\n\n<li><a>...<\/a><\/li>\n\n\n\n<li><a href='?page_no=36999'>36999<\/a><\/li>\n\n\n\n<li><a href='?page_no=37000'>37000<\/a><\/li>\n\n    \n\t\n\n<li >\n\t<a href='?page_no=14310'>Next<\/a>\n\t<\/li>\n\n\n    \n\n<li><a href='?page_no=37000'>Last &rsaquo;&rsaquo;<\/a><\/li>\n\n<\/ul>\n\n\n--><br \/>\n<\/body><\/p>\n","protected":false},"excerpt":{"rendered":"<p>Santo Domingo, RD, 19 de octubre de 2014.-Los dirigentes del Partido de la Liberaci\u00f3n Dominicana egresados de los diferentes diplomados organizados por el Instituto de Formaci\u00f3n Pol\u00edtica, Profesor Juan Bosch y la Secretar\u00eda de Formaci\u00f3n Pol\u00edtica del PLD, quedaron designados facilitadores para desarrollar el programa formativo en los Comit\u00e9s Intermedios y de Base. La decisi\u00f3n [&hellip;]<\/p>\n","protected":false},"author":3,"featured_media":0,"comment_status":"open","ping_status":"open","sticky":false,"template":"","format":"standard","meta":{"footnotes":""},"categories":[22],"tags":[],"class_list":["post-161844","post","type-post","status-publish","format-standard","hentry","category-politica"],"_links":{"self":[{"href":"https:\/\/diariodominicano.com\/index.php?rest_route=\/wp\/v2\/posts\/161844","targetHints":{"allow":["GET"]}}],"collection":[{"href":"https:\/\/diariodominicano.com\/index.php?rest_route=\/wp\/v2\/posts"}],"about":[{"href":"https:\/\/diariodominicano.com\/index.php?rest_route=\/wp\/v2\/types\/post"}],"author":[{"embeddable":true,"href":"https:\/\/diariodominicano.com\/index.php?rest_route=\/wp\/v2\/users\/3"}],"replies":[{"embeddable":true,"href":"https:\/\/diariodominicano.com\/index.php?rest_route=%2Fwp%2Fv2%2Fcomments&post=161844"}],"version-history":[{"count":0,"href":"https:\/\/diariodominicano.com\/index.php?rest_route=\/wp\/v2\/posts\/161844\/revisions"}],"wp:attachment":[{"href":"https:\/\/diariodominicano.com\/index.php?rest_route=%2Fwp%2Fv2%2Fmedia&parent=161844"}],"wp:term":[{"taxonomy":"category","embeddable":true,"href":"https:\/\/diariodominicano.com\/index.php?rest_route=%2Fwp%2Fv2%2Fcategories&post=161844"},{"taxonomy":"post_tag","embeddable":true,"href":"https:\/\/diariodominicano.com\/index.php?rest_route=%2Fwp%2Fv2%2Ftags&post=161844"}],"curies":[{"name":"wp","href":"https:\/\/api.w.org\/{rel}","templated":true}]}}