{"id":161843,"date":"2014-10-19T14:22:38","date_gmt":"2014-10-19T14:22:38","guid":{"rendered":"http:\/\/diariodominicano.ddns.net\/?p=161843"},"modified":"2014-10-19T14:22:38","modified_gmt":"2014-10-19T14:22:38","slug":"dice-que-dara-continuidad-a-la-obra-de-gobierno-del-presidente-danilo-medina","status":"publish","type":"post","link":"https:\/\/diariodominicano.com\/?p=161843","title":{"rendered":"Dice que dar\u00e1 continuidad a la obra de gobierno del presidente Danilo Medina"},"content":{"rendered":"<p><body><\/p>\n<p><img decoding=\"async\" src=\"http:\/\/localhost:8080\/img3\/GUERRA.JPG\" \/>  <\/p>\n<p><span class=\"text1noticias\">Guerra, provincia Santo Domingo, RD, 19 de Octubre.- El aspirante presidencial Reinaldo Pared P\u00e9rez asumi\u00f3 el compromiso de concluir las obras de desarrollo que no pueda terminar el presidente Danilo Medina, cuando culmine su mandato constitucional el 16 de agosto de 2016.<\/span><\/p>\n<\/p>\n<p><span class=\"text1noticias\">El secretario general del Partido de la Liberaci\u00f3n Dominicana (PLD) y senador por el Distrito Nacional emiti\u00f3 estas consideraciones tras recibir un contundente respaldo de la dirigencia municipal e intermedia de esa organizaci\u00f3n pol\u00edtica en este municipio.<\/span><\/p>\n<\/p>\n<p><span class=\"text1noticias\">Frente a dirigentes y miembros del PLD de Guerra, el doctor Pared P\u00e9rez adelant\u00f3 que una vez asuma la primera magistratura del Estado ejecutar\u00e1 una obra de gobierno basada en una plataforma program\u00e1tica que dar\u00e1 prioridad a la mujer y a la juventud.<\/span><\/p>\n<\/p>\n<p><span class=\"text1noticias\">\u00abHay dos sectoresque tomar\u00e9 en cuenta una vez sea juramentado como presidente de la Rep\u00fablica es el de la mujer y el de la juventud\u00bb expres\u00f3 Reinaldo, tras agregar que son los dos segmentos de la poblaci\u00f3n que m\u00e1s contribuyen a la democracia pol\u00edtica del pa\u00eds, porque acuden mayoritariamente en cada torneo electoral.<\/span><\/p>\n<\/p>\n<p><span class=\"text1noticias\">El doctor Pared P\u00e9rez a\u00f1adi\u00f3 que en el programa de gobierno que presentar\u00e1 en el 2016, el cual seg\u00fan dijo est\u00e1 siendo elaborado con las propuestas que recoge en las visitas que realiza a todo el pa\u00eds, tambi\u00e9n prestar\u00e1 atenci\u00f3n a los dem\u00e1s segmentos de la sociedad, pues asegur\u00f3 que har\u00e1 un gobierno para todos los dominicanos.<\/span><\/p>\n<\/p>\n<p><span class=\"text1noticias\">En cuanto a las acciones del gobierno del presidente Medina, el aspirante presidencial manifest\u00f3: \u00abestoy seguro que por razones de tiempo el compa\u00f1ero Danilo Medina dejar\u00e1 obras sin concluir y obras sin iniciar. Yo asumo el compromiso de seguir desarrollando esas obras e iniciar aquellos proyectos que queden pendientes\u00bb, dijo el doctor Pared P\u00e9rez.<\/span><\/p>\n<\/p>\n<p><span class=\"text1noticias\">El doctor Pared P\u00e9rez se reuni\u00f3 este s\u00e1bado con dirigentes municipales y medios de Guerra, Hato Viejo, Batey II, Estorga, El Toro, La Joya, Mata de Palma, Bella Vista y otras localidades cercanas, a quienes ofreci\u00f3 detalles sobre sus aspiraciones presidenciales y les prometi\u00f3 incluir sus inquietudes en la plataforma program\u00e1tica que presentar\u00e1 al electorado nacional.<\/span><\/p>\n<\/p>\n<p><span class=\"text1noticias\">En tanto, los dirigentes pelede\u00edstas Marino Ozuna, Ram\u00f3n Novas y Tony Santana proclamaron a Reinaldo Pared P\u00e9rez como su seguro presidente de la Rep\u00fablica. Mientras el diputado Alfredo Mart\u00ednez resalt\u00f3 las virtudes del aspirante presidencial.<\/span><\/p>\n<\/p>\n<p><span class=\"text1noticias\">En la comunidad El Toro, donde fue la primera comunidad visitada, el presidente del comit\u00e9 intermedio \u00abMarcos del Rosario C\u00bb,Ram\u00f3n Zapata,afirm\u00f3 que ese organismo respalda las aspiraciones de Pared P\u00e9rez \u00abporque es el mejor para seguir la obra de gobierno del compa\u00f1ero Danilo Medina\u00bb.<\/span><\/p>\n<\/p>\n<p><span class=\"text1noticias\">El secretario general del PLD visit\u00f3 tambi\u00e9n la residencia de la regidora del municipio de Guerra, Luz Ozuna, quien junto a varios dirigentes pelede\u00edstas expresaron su adhesi\u00f3n a su candidatura.<\/span><\/p>\n<\/p>\n<p><span class=\"text1noticias\">En el poblado de Estorga fue recibido por una nutrida delegaci\u00f3n encabezada por Cerapio Rodr\u00edguez, presidente del Comit\u00e9 Intermedio \u00abMarcos del Rosario C-1\u00bb y posteriormente el diputado Alfredo Mart\u00ednez (El Ca\u00f1ero), ofreci\u00f3 un almuerzo en su residencia en la comunidad de Mata la Vaca. <\/span><\/p>\n<\/p>\n<p><span class=\"text1noticias\">En esa localidad, el doctor Pared P\u00e9rez recibi\u00f3 igualmente un gran respaldo de la dirigencia del PLD, encabezada por los l\u00edderes locales Eddy Ozuna; Natividad Ozuna Troncoso, Arismendy Lugo y Dennys Reyes.<\/span><\/p>\n<\/p>\n<p><span class=\"text1noticias\">Adem\u00e1s de reunirse conla dirigencia del PLD, el doctor Pared P\u00e9rez hizo contactos con representantes de varios segmentos de la sociedad de ese municipio, de quienesrecibi\u00f3 informaciones sobre la problem\u00e1tica comunitaria, sus prioridades y posibles soluciones. <\/span><\/p>\n<\/p>\n<p><span class=\"text1noticias\">El doctor Pared P\u00e9rez visit\u00f3 el municipio de Guerra acompa\u00f1ado de los miembros del Comit\u00e9 Central Charlie N\u00fa\u00f1ez, Margarita Pimentel y Roberto Cordones; los diputados Franklin de la Cruz y Alfredo Mart\u00ednez; los viceministros de deportes Soterio Ram\u00edrez y Heriberto Morrison, as\u00ed como representantes de varios movimientos de apoyo a sus aspiraciones presidenciales.(HG)<\/span>. <\/p>\n<\/p>\n<h6> 2014-10-19 14:22:38 <\/h6>\n<p><!--\n<link rel=\"stylesheet\" href=\"css\/bootstrap.min.css\">\n\n\n<ul class=\"pagination\">\n\t    \n\t\n\n<li >\n\t<a href='?page_no=14307'>Previous<\/a>\n\t<\/li>\n\n\n       \n    \n\n<li><a href='?page_no=1'>1<\/a><\/li>\n\n\n\n<li><a href='?page_no=2'>2<\/a><\/li>\n\n\n\n<li><a>...<\/a><\/li>\n\n\n\n<li><a href='?page_no=14306'>14306<\/a><\/li>\n\n\n\n<li><a href='?page_no=14307'>14307<\/a><\/li>\n\n\n\n<li class='active'><a>14308<\/a><\/li>\n\n\n\n<li><a href='?page_no=14309'>14309<\/a><\/li>\n\n\n\n<li><a href='?page_no=14310'>14310<\/a><\/li>\n\n\n\n<li><a>...<\/a><\/li>\n\n\n\n<li><a href='?page_no=36999'>36999<\/a><\/li>\n\n\n\n<li><a href='?page_no=37000'>37000<\/a><\/li>\n\n    \n\t\n\n<li >\n\t<a href='?page_no=14309'>Next<\/a>\n\t<\/li>\n\n\n    \n\n<li><a href='?page_no=37000'>Last &rsaquo;&rsaquo;<\/a><\/li>\n\n<\/ul>\n\n\n--><br \/>\n<\/body><\/p>\n","protected":false},"excerpt":{"rendered":"<p>Guerra, provincia Santo Domingo, RD, 19 de Octubre.- El aspirante presidencial Reinaldo Pared P\u00e9rez asumi\u00f3 el compromiso de concluir las obras de desarrollo que no pueda terminar el presidente Danilo Medina, cuando culmine su mandato constitucional el 16 de agosto de 2016. El secretario general del Partido de la Liberaci\u00f3n Dominicana (PLD) y senador por [&hellip;]<\/p>\n","protected":false},"author":3,"featured_media":0,"comment_status":"open","ping_status":"open","sticky":false,"template":"","format":"standard","meta":{"footnotes":""},"categories":[22],"tags":[],"class_list":["post-161843","post","type-post","status-publish","format-standard","hentry","category-politica"],"_links":{"self":[{"href":"https:\/\/diariodominicano.com\/index.php?rest_route=\/wp\/v2\/posts\/161843","targetHints":{"allow":["GET"]}}],"collection":[{"href":"https:\/\/diariodominicano.com\/index.php?rest_route=\/wp\/v2\/posts"}],"about":[{"href":"https:\/\/diariodominicano.com\/index.php?rest_route=\/wp\/v2\/types\/post"}],"author":[{"embeddable":true,"href":"https:\/\/diariodominicano.com\/index.php?rest_route=\/wp\/v2\/users\/3"}],"replies":[{"embeddable":true,"href":"https:\/\/diariodominicano.com\/index.php?rest_route=%2Fwp%2Fv2%2Fcomments&post=161843"}],"version-history":[{"count":0,"href":"https:\/\/diariodominicano.com\/index.php?rest_route=\/wp\/v2\/posts\/161843\/revisions"}],"wp:attachment":[{"href":"https:\/\/diariodominicano.com\/index.php?rest_route=%2Fwp%2Fv2%2Fmedia&parent=161843"}],"wp:term":[{"taxonomy":"category","embeddable":true,"href":"https:\/\/diariodominicano.com\/index.php?rest_route=%2Fwp%2Fv2%2Fcategories&post=161843"},{"taxonomy":"post_tag","embeddable":true,"href":"https:\/\/diariodominicano.com\/index.php?rest_route=%2Fwp%2Fv2%2Ftags&post=161843"}],"curies":[{"name":"wp","href":"https:\/\/api.w.org\/{rel}","templated":true}]}}