{"id":161842,"date":"2014-10-19T14:53:53","date_gmt":"2014-10-19T14:53:53","guid":{"rendered":"http:\/\/diariodominicano.ddns.net\/?p=161842"},"modified":"2014-10-19T14:53:53","modified_gmt":"2014-10-19T14:53:53","slug":"quique-antun-califica-como-atroz-ofensa-rendir-homenaje-a-dessalines-en-la-uasd","status":"publish","type":"post","link":"https:\/\/diariodominicano.com\/?p=161842","title":{"rendered":"Quique Ant\u00fan califica como \u00abatroz ofensa\u00bb rendir homenaje a Dessalines en la UASD"},"content":{"rendered":"<p><body><\/p>\n<p><img decoding=\"async\" src=\"img3\/Quique.jpg\" \/>  <\/p>\n<p><span class=\"text1noticias\">Santiago, RD 19 de Octubre.-El presidente del Partido Reformista Social Cristiano (PRSC), ingeniero Federico Ant\u00fan Batlle (Quique) calific\u00f3 aqu\u00ed como una \u00abatroz ofensa\u00bb al pueblo dominicano y en especial a los fundadores de la Rep\u00fablica,el anunciado homenaje en la Universidad Aut\u00f3noma de Santo Domingo al ex emperador haitiano Jean Jacques Dessalines.<\/span><\/p>\n<\/p>\n<p><span class=\"text1noticias\">Quique Ant\u00fan dijo que es imperdonable que las autoridades de esa alta casa de estudios, que es la universidad del pueblo, permitan rendir homenaje a un personaje tan t\u00e9trico, malvado, inhumano, desalmado y cruel como Dessalines, que asesin\u00f3 y tortur\u00f3 a miles de dominicanos, incluyendo ni\u00f1os y ni\u00f1as que fueron degollados en la iglesia de Moca.<\/span><\/p>\n<\/p>\n<p><span class=\"text1noticias\">Explic\u00f3 que abril abril de 1805, Dessalines, quien se convirti\u00f3 en el primer presidente de Hait\u00ed despu\u00e9s de su independencia de Francia, instruy\u00f3 a su ejercito, de unos 20 mil soldados, destruir ciudades completas y a su paso asesinar y apresar a todos los ciudadanos que encontraran en el camino de este lado de la frontera.<\/span><\/p>\n<\/p>\n<p><span class=\"text1noticias\">\u00abCuentan los historiadores que aquello fue una org\u00eda de sangre, terror y saqueo que realizaron las tropas haitianas liderada por Dessalines, destruyendo y quemando todo lo que encontraban a su paso\u00bb, se\u00f1al\u00f3.<\/span><\/p>\n<\/p>\n<p><span class=\"text1noticias\">El l\u00edder de los reformistas indic\u00f3 que esos episodios sangrientos y crueles provocados por ese personaje hist\u00f3rico haitiano no puede borrarse de la memoria del pueblo dominicano y mucho menos de las autoridades de la universidad estatal, quienes deben ser los primeros en repudiar estos hechos que dejaron tanto luto y dolor al pueblo dominicano.<\/span><\/p>\n<\/p>\n<p><span class=\"text1noticias\">\u00abEse homenaje a Dessalines, que ha merecido el repudio de una parte importante de la sociedad dominicana, debe ser suspendido definitivamente\u00bb, dijo.<\/span><\/p>\n<\/p>\n<p><strong><span class=\"text1noticias\">Critica inmigracion haitiana<\/span><\/strong><\/p>\n<\/p>\n<p><span class=\"text1noticias\">El presidente del PRSC aprovech\u00f3 la ocasi\u00f3n para denunciar la creciente inmigraci\u00f3n haitiana a la Rep\u00fablica Dominicana de una manera pac\u00edfica y permisible, lo que a su juicio le est\u00e1 haciendo una da\u00f1o terrible a la naci\u00f3n, porque esos inmigrantes est\u00e1n insert\u00e1ndose en el tejido social del pa\u00eds.<\/span><\/p>\n<\/p>\n<p><span class=\"text1noticias\">\u00abEl patriotismo dominicano debe imponerse para preservar nuestro territorio. Eso no quita que seamos solidarios con Hait\u00ed y coadyuvemos a que el vecino pa\u00eds sea de alguna manera recompuesto, porque la comunidad internacional ha sido irresponsable y ha querido que seamos nosotros los \u00fanicos que de una manera u otra asumamos la desgracia de la hermana Republica de Hait\u00ed y quiero decir que eso es insostenible, porque terminar\u00e1 destruyendo a la Rep\u00fablica Dominicana y eso no se puede permitir.<\/span><\/p>\n<\/p>\n<p><span class=\"text1noticias\">Quique Ant\u00fan habl\u00f3 en esos t\u00e9rminos en el marco de varios encuentros que sostuvo con dirigentes reformistas de San Jos\u00e9 de las Matas y Santiago, donde escuch\u00f3 m\u00faltiples quejas de la inmigraci\u00f3n masiva de haitianos, que han ido ocupando poco a poco barrios y comunidades rurales completas, lo que est\u00e1 generando mucha preocupaci\u00f3n en los habitantes de la zona.<\/span><\/p>\n<\/p>\n<p><span class=\"text1noticias\">El presidente del Partido Reformista recorri\u00f3 la provincia de Santiago este fin de semana acompa\u00f1ado de los dirigentes M\u00e1ximo Castro Silverio, Marino Collante, Miguel Bogaert, Rafael ?Papito- Cruz, Sergia Elena de S\u00e9liman, Sergio Cede\u00f1o, Milton Ginebra, Jos\u00e9 Tatis, entre otros.<\/span><\/p>\n<\/p>\n<p><span class=\"text1noticias\">Tambi\u00e9n Jos\u00e9 Enrique Sued, Louis Bogaert, Sarah Nolasco, Petrouzca Mu\u00f1oz, Alfredo Gonz\u00e1lez P\u00e9rez, Carlos Rojas y los dirigentes de la Juventud Reformista Social Cristiana, Carlos Modesto Guzman, Peter Amable S\u00e1nchez Aristy, Ra\u00fal Negron (Chucho), Eddy Antonio, Lumy Brito, entre otros.(HG)<\/span>.<\/p>\n<h6> 2014-10-19 14:53:53 <\/h6>\n<p><!--\n<link rel=\"stylesheet\" href=\"css\/bootstrap.min.css\">\n\n\n<ul class=\"pagination\">\n\t    \n\t\n\n<li >\n\t<a href='?page_no=14306'>Previous<\/a>\n\t<\/li>\n\n\n       \n    \n\n<li><a href='?page_no=1'>1<\/a><\/li>\n\n\n\n<li><a href='?page_no=2'>2<\/a><\/li>\n\n\n\n<li><a>...<\/a><\/li>\n\n\n\n<li><a href='?page_no=14305'>14305<\/a><\/li>\n\n\n\n<li><a href='?page_no=14306'>14306<\/a><\/li>\n\n\n\n<li class='active'><a>14307<\/a><\/li>\n\n\n\n<li><a href='?page_no=14308'>14308<\/a><\/li>\n\n\n\n<li><a href='?page_no=14309'>14309<\/a><\/li>\n\n\n\n<li><a>...<\/a><\/li>\n\n\n\n<li><a href='?page_no=36999'>36999<\/a><\/li>\n\n\n\n<li><a href='?page_no=37000'>37000<\/a><\/li>\n\n    \n\t\n\n<li >\n\t<a href='?page_no=14308'>Next<\/a>\n\t<\/li>\n\n\n    \n\n<li><a href='?page_no=37000'>Last &rsaquo;&rsaquo;<\/a><\/li>\n\n<\/ul>\n\n\n--><br \/>\n<\/body><\/p>\n","protected":false},"excerpt":{"rendered":"<p>Santiago, RD 19 de Octubre.-El presidente del Partido Reformista Social Cristiano (PRSC), ingeniero Federico Ant\u00fan Batlle (Quique) calific\u00f3 aqu\u00ed como una \u00abatroz ofensa\u00bb al pueblo dominicano y en especial a los fundadores de la Rep\u00fablica,el anunciado homenaje en la Universidad Aut\u00f3noma de Santo Domingo al ex emperador haitiano Jean Jacques Dessalines. Quique Ant\u00fan dijo que [&hellip;]<\/p>\n","protected":false},"author":3,"featured_media":0,"comment_status":"open","ping_status":"open","sticky":false,"template":"","format":"standard","meta":{"footnotes":""},"categories":[22],"tags":[],"class_list":["post-161842","post","type-post","status-publish","format-standard","hentry","category-politica"],"_links":{"self":[{"href":"https:\/\/diariodominicano.com\/index.php?rest_route=\/wp\/v2\/posts\/161842","targetHints":{"allow":["GET"]}}],"collection":[{"href":"https:\/\/diariodominicano.com\/index.php?rest_route=\/wp\/v2\/posts"}],"about":[{"href":"https:\/\/diariodominicano.com\/index.php?rest_route=\/wp\/v2\/types\/post"}],"author":[{"embeddable":true,"href":"https:\/\/diariodominicano.com\/index.php?rest_route=\/wp\/v2\/users\/3"}],"replies":[{"embeddable":true,"href":"https:\/\/diariodominicano.com\/index.php?rest_route=%2Fwp%2Fv2%2Fcomments&post=161842"}],"version-history":[{"count":0,"href":"https:\/\/diariodominicano.com\/index.php?rest_route=\/wp\/v2\/posts\/161842\/revisions"}],"wp:attachment":[{"href":"https:\/\/diariodominicano.com\/index.php?rest_route=%2Fwp%2Fv2%2Fmedia&parent=161842"}],"wp:term":[{"taxonomy":"category","embeddable":true,"href":"https:\/\/diariodominicano.com\/index.php?rest_route=%2Fwp%2Fv2%2Fcategories&post=161842"},{"taxonomy":"post_tag","embeddable":true,"href":"https:\/\/diariodominicano.com\/index.php?rest_route=%2Fwp%2Fv2%2Ftags&post=161842"}],"curies":[{"name":"wp","href":"https:\/\/api.w.org\/{rel}","templated":true}]}}