{"id":161840,"date":"2014-10-19T15:43:04","date_gmt":"2014-10-19T15:43:04","guid":{"rendered":"http:\/\/diariodominicano.ddns.net\/?p=161840"},"modified":"2014-10-19T15:43:04","modified_gmt":"2014-10-19T15:43:04","slug":"luis-abinader-danilo-medina-no-ha-cumplido-con-puerto-plata-el-turismo-decrece-y-las-obras-no-arrancan","status":"publish","type":"post","link":"https:\/\/diariodominicano.com\/?p=161840","title":{"rendered":"Luis Abinader: Danilo Medina no ha cumplido con Puerto Plata; el turismo decrece y las obras no arrancan&#13;"},"content":{"rendered":"<p><body><\/p>\n<p><img decoding=\"async\" src=\"img3\/abinader.jpg\" \/>  <\/p>\n<p><span class=\"text1noticias\">Santiago, RD 19 de Octubre.- A m\u00e1s de dos a\u00f1os de haber iniciado su gesti\u00f3n de Gobierno, el presidente Danilo Medina no ha honrado su compromiso de relanzar el turismo de Puerto Plata y de realizar una serie de obras de infraestructura necesarias para  fortalecer la oferta tur\u00edstica y mejorar las condiciones de vida en esa provincia, declar\u00f3 el aspirante presidencial opositor, Luis Abinader.<\/span><\/p>\n<\/p>\n<p><span class=\"text1noticias\">\u00abLa realidad es que a pesar de haber declarado el turismo como la locomotora del desarrollo nacional, el presidente Medina no ha incluido a Puerto Plata, el primer gran destino tur\u00edstico de la Rep\u00fablica Dominicana, entre las prioridades de inversi\u00f3n de su gobierno\u00bb, afirm\u00f3 el tambi\u00e9n economista y empresario. Sostuvo que esa desatenci\u00f3n ha tenido mucho que ver con el decrecimiento que ha registrado la llegada de turistas a la Costa Norte en los \u00faltimos dos a\u00f1os.<\/span><\/p>\n<\/p>\n<p><span class=\"text1noticias\">Dijo que la comunidad tur\u00edstica y social de la provincia sigue esperando que las autoridades se decidan a iniciar la reconstrucci\u00f3n de la carretera Puerto Plata- Navarrete, la carretera tur\u00edstica Gregorio Luper\u00f3n y la carretera que enlaza la ciudad de  Moca con el municipio de Gaspar Hern\u00e1ndez, que mejorar\u00edan significativamente la conexi\u00f3n de la Costa Norte  con el resto del pa\u00eds y le dar\u00edan un gran impulso al turismo de la Regi\u00f3n.<\/span><\/p>\n<\/p>\n<p><span class=\"text1noticias\">El licenciado Abinader recomend\u00f3 al presidente Medina asumir un plan de prioridades para Puerto Plata que deber\u00edan ser ejecutadas en lo que resta de su administraci\u00f3n.<\/span><\/p>\n<\/p>\n<p><span class=\"text1noticias\">Entre esas prioridades, entiende Abinader, deben figuran las carreteras, el mercado p\u00fablico y la planta procesadora de aguas residuales de Puerto Plata, la construcci\u00f3n del hospital de Sos\u00faa y la terminaci\u00f3n del alcantarillado sanitario y la planta de tratamiento de agua de Cabarete, donde se ha hecho una inversi\u00f3n de 14 millones de d\u00f3lares y no se ha concluido porque el Gobierno no ha querido aportar una peque\u00f1a contrapartida pendiente.<\/span><\/p>\n<p><span class=\"text1noticias\"><strong>Anuncia compromiso con el turismo de Puerto Plata<\/strong><\/span><\/p>\n<\/p>\n<p><span class=\"text1noticias\">El precandidato presidencial del PRM y de la Convergencia por un Mejor Pa\u00eds, anunci\u00f3 que de alcanzar la presidencia de la Rep\u00fablica en las elecciones del 2016, promover\u00eda un agresivo plan para relanzar el turismo de Puerto Plata, incluyendo una campa\u00f1a especial de promoci\u00f3n para la Costa Norte y la habilitaci\u00f3n de una ventanilla de financiamiento para que los hoteleros de la zona puedan renovar sus instalaciones.<\/span><\/p>\n<\/p>\n<p><span class=\"text1noticias\">Se comprometi\u00f3 igualmente apoyar la construcci\u00f3n de un centro de convenciones en Puerto Plata para capitalizar los extraordinarios atractivos que ofrece la provincia como destino urbano con un gran patrimonio hist\u00f3rico y cultural, complementado con hermosas playas y excelentes condiciones para el ecoturismo.<\/span><\/p>\n<\/p>\n<p><span class=\"text1noticias\">Dijo que personalmente asumir\u00eda el seguimiento del turismo de Puerto Plata con los agentes internacionales para estimular la inversi\u00f3n extranjera sobre la base de un compromiso del Gobierno con las acciones estrat\u00e9gica que requiere ese destino para mejorar su competividad.<\/span><\/p>\n<\/p>\n<p><span class=\"text1noticias\">Otro compromiso ser\u00eda trabajar de inmediato en un plan de desarrabalizaci\u00f3n de la principal playa de Sos\u00faa en coordinaci\u00f3n con las autoridades locales, el sector empresarial y los comerciantes que operan en la playa.<\/span><\/p>\n<\/p>\n<p><span class=\"text1noticias\">Dijo que tambi\u00e9n estudia con mucho inter\u00e9s un proyecto promovido por empresarios y t\u00e9cnicos de la provincia para la construcci\u00f3n de un nuevo trazado vial entre Gurabo y la Gran Parada ubicada entre  Montellano y Playa Dorada, que acercar\u00eda a Puerto Plata a  unos 25 minutos de Santiago y a menos de horas y media de Santo Domingo.<\/span><\/p>\n<\/p>\n<p><span class=\"text1noticias\">De acuerdo a los estudios disponibles, ese proyecto se podr\u00eda realizar como una concesi\u00f3n para ser pagado con el sistema de peajes, explic\u00f3 Abinader, quien considera que esa alternativa no invalida la necesidad de reconstruir la carretera Navarrete-Puerto Plata.<\/span><\/p>\n<\/p>\n<p><strong><span class=\"text1noticias\">Juramenta equipos municipales y zonales<\/span><\/strong><\/p>\n<\/p>\n<p><span class=\"text1noticias\">El licenciado  Abinader, ofreci\u00f3 sus declaraciones luego dejar juramentados varios  de sus equipos municipales y zonales en Puerto Plata, incluyendo los alcaldes Omar S\u00e1nchez de Montellano y Pablo Ascensi\u00f3n de Villa Isabela.<\/span><\/p>\n<\/p>\n<p><span class=\"text1noticias\">Entre los dirigentes juramentados estuvieron H\u00e9ctor Radham\u00e9s Francisco (El \u00c1rabe), coordinador del municipio de Los Hidalgo, Luis Lora, coordinador, de Guananico; Carmelo Rodr\u00edguez, coordinador de Altamira; Giovanni Flores, coordinador de Imbert; Cristino Salvador Gonz\u00e1lez, coordinador  de Navas, Ra\u00fal Soriano D\u00edaz, coordinador de Cabarete; Wanda Mart\u00ednez, coordinadora de Sosua; Fabio Marte, coordinador de Yasica; Omar S\u00e1nchez, Genaro Castillo, presidente en funciones de Montellano; entre otros.<\/span><\/p>\n<\/p>\n<p><span class=\"text1noticias\">Adem\u00e1s los dirigentes zonales Vicente Rodr\u00edguez, coordinador  de la zona K, Jos\u00e9 Ulloa, coordinador  de la zona F;  Leocadio Mart\u00ednez, coordinador de la zona G, Alberto de Le\u00f3n, coordinador de la zona M; F\u00e9lix Polanco, coordinador de la zona H, entre otros dirigentes.<\/span><\/p>\n<\/p>\n<p><span class=\"text1noticias\">Durante las juramentaciones el candidato presidencial Luis Abinader estuvo acompa\u00f1ado del coordinador provincial Ram\u00f3n Antonio Cruz, Claudio Brito, coordinador municipal; Arnulfo Ferreira, coordinador operativo provincial; Domingo M\u00e9ndez, director ejecutivo municipal; Jiseida Mercado, coordinadora de las mujeres a nivel provincial; Mar\u00eda rojas, coordinadora de las mujeres a nivel municipal; Amauris Ventura, coordinador de la juventud provincial; Jonat\u00e1n Mercado, coordinador de la juventud municipal, y los dirigentes nacionales F\u00e9lix Aracena, Daris S\u00e1nchez y Pedro Mej\u00eda.(HG)<\/span>.<\/p>\n<\/p>\n<h6> 2014-10-19 15:43:04 <\/h6>\n<p><!--\n<link rel=\"stylesheet\" href=\"css\/bootstrap.min.css\">\n\n\n<ul class=\"pagination\">\n\t    \n\t\n\n<li >\n\t<a href='?page_no=14304'>Previous<\/a>\n\t<\/li>\n\n\n       \n    \n\n<li><a href='?page_no=1'>1<\/a><\/li>\n\n\n\n<li><a href='?page_no=2'>2<\/a><\/li>\n\n\n\n<li><a>...<\/a><\/li>\n\n\n\n<li><a href='?page_no=14303'>14303<\/a><\/li>\n\n\n\n<li><a href='?page_no=14304'>14304<\/a><\/li>\n\n\n\n<li class='active'><a>14305<\/a><\/li>\n\n\n\n<li><a href='?page_no=14306'>14306<\/a><\/li>\n\n\n\n<li><a href='?page_no=14307'>14307<\/a><\/li>\n\n\n\n<li><a>...<\/a><\/li>\n\n\n\n<li><a href='?page_no=36999'>36999<\/a><\/li>\n\n\n\n<li><a href='?page_no=37000'>37000<\/a><\/li>\n\n    \n\t\n\n<li >\n\t<a href='?page_no=14306'>Next<\/a>\n\t<\/li>\n\n\n    \n\n<li><a href='?page_no=37000'>Last &rsaquo;&rsaquo;<\/a><\/li>\n\n<\/ul>\n\n\n--><br \/>\n<\/body><\/p>\n","protected":false},"excerpt":{"rendered":"<p>Santiago, RD 19 de Octubre.- A m\u00e1s de dos a\u00f1os de haber iniciado su gesti\u00f3n de Gobierno, el presidente Danilo Medina no ha honrado su compromiso de relanzar el turismo de Puerto Plata y de realizar una serie de obras de infraestructura necesarias para fortalecer la oferta tur\u00edstica y mejorar las condiciones de vida en [&hellip;]<\/p>\n","protected":false},"author":3,"featured_media":0,"comment_status":"open","ping_status":"open","sticky":false,"template":"","format":"standard","meta":{"footnotes":""},"categories":[22],"tags":[],"class_list":["post-161840","post","type-post","status-publish","format-standard","hentry","category-politica"],"_links":{"self":[{"href":"https:\/\/diariodominicano.com\/index.php?rest_route=\/wp\/v2\/posts\/161840","targetHints":{"allow":["GET"]}}],"collection":[{"href":"https:\/\/diariodominicano.com\/index.php?rest_route=\/wp\/v2\/posts"}],"about":[{"href":"https:\/\/diariodominicano.com\/index.php?rest_route=\/wp\/v2\/types\/post"}],"author":[{"embeddable":true,"href":"https:\/\/diariodominicano.com\/index.php?rest_route=\/wp\/v2\/users\/3"}],"replies":[{"embeddable":true,"href":"https:\/\/diariodominicano.com\/index.php?rest_route=%2Fwp%2Fv2%2Fcomments&post=161840"}],"version-history":[{"count":0,"href":"https:\/\/diariodominicano.com\/index.php?rest_route=\/wp\/v2\/posts\/161840\/revisions"}],"wp:attachment":[{"href":"https:\/\/diariodominicano.com\/index.php?rest_route=%2Fwp%2Fv2%2Fmedia&parent=161840"}],"wp:term":[{"taxonomy":"category","embeddable":true,"href":"https:\/\/diariodominicano.com\/index.php?rest_route=%2Fwp%2Fv2%2Fcategories&post=161840"},{"taxonomy":"post_tag","embeddable":true,"href":"https:\/\/diariodominicano.com\/index.php?rest_route=%2Fwp%2Fv2%2Ftags&post=161840"}],"curies":[{"name":"wp","href":"https:\/\/api.w.org\/{rel}","templated":true}]}}