{"id":161839,"date":"2014-10-19T16:08:03","date_gmt":"2014-10-19T16:08:03","guid":{"rendered":"http:\/\/diariodominicano.ddns.net\/?p=161839"},"modified":"2014-10-19T16:08:03","modified_gmt":"2014-10-19T16:08:03","slug":"reinaldo-pared-dice-eliminacion-de-barrilito-debe-contar-con-el-aval-del-pleno","status":"publish","type":"post","link":"https:\/\/diariodominicano.com\/?p=161839","title":{"rendered":"Reinaldo Pared dice eliminaci\u00f3n de \u00abBarrilito\u00bb debe contar con el aval del pleno"},"content":{"rendered":"<p><body><\/p>\n<p><img decoding=\"async\" src=\"img3\/pared 19.jpg\" \/>  <\/p>\n<p>Santo Domingo RD 19 octubre.-  El ex presidente del Senado, Reinaldo Pared P\u00e9rez Pared P\u00e9rez dijo este domingo que mantener o eliminar el fondo de gesti\u00f3n social -el barrilito- que reciben los legisladores debe contar con el aval del pleno, que es el que aprueba la partida presupuestaria de las c\u00e1maras.<\/p>\n<\/p>\n<p>Afirma que esa decisi\u00f3n no puede tomarse de manera personal y que desconoce las razones que tuvo el presidente de la C\u00e1mara de Diputados, Abel Mart\u00ednez, para eliminar esos fondos, porque, asegura, tiene entendido que Mart\u00ednez no consult\u00f3 a los dem\u00e1s diputados.<\/p>\n<\/p>\n<p>Pared P\u00e9rez defendi\u00f3 el manejo que le dan los senadores a esos fondos sociales que reciben y reiter\u00f3 que esos recursos soportan las oficinas senatoriales de las diferentes provincias, adem\u00e1s de que son debidamente fiscalizados.<\/p>\n<\/p>\n<p>Dependiendo la provincia que representen, los fondos que reciben los senadores, adem\u00e1s de sus salarios, es de alrededor de 400 hasta 900 mil pesos.<\/p>\n<h6> 2014-10-19 16:08:03 <\/h6>\n<p><!--\n<link rel=\"stylesheet\" href=\"css\/bootstrap.min.css\">\n\n\n<ul class=\"pagination\">\n\t    \n\t\n\n<li >\n\t<a href='?page_no=14303'>Previous<\/a>\n\t<\/li>\n\n\n       \n    \n\n<li><a href='?page_no=1'>1<\/a><\/li>\n\n\n\n<li><a href='?page_no=2'>2<\/a><\/li>\n\n\n\n<li><a>...<\/a><\/li>\n\n\n\n<li><a href='?page_no=14302'>14302<\/a><\/li>\n\n\n\n<li><a href='?page_no=14303'>14303<\/a><\/li>\n\n\n\n<li class='active'><a>14304<\/a><\/li>\n\n\n\n<li><a href='?page_no=14305'>14305<\/a><\/li>\n\n\n\n<li><a href='?page_no=14306'>14306<\/a><\/li>\n\n\n\n<li><a>...<\/a><\/li>\n\n\n\n<li><a href='?page_no=36999'>36999<\/a><\/li>\n\n\n\n<li><a href='?page_no=37000'>37000<\/a><\/li>\n\n    \n\t\n\n<li >\n\t<a href='?page_no=14305'>Next<\/a>\n\t<\/li>\n\n\n    \n\n<li><a href='?page_no=37000'>Last &rsaquo;&rsaquo;<\/a><\/li>\n\n<\/ul>\n\n\n--><br \/>\n<\/body><\/p>\n","protected":false},"excerpt":{"rendered":"<p>Santo Domingo RD 19 octubre.- El ex presidente del Senado, Reinaldo Pared P\u00e9rez Pared P\u00e9rez dijo este domingo que mantener o eliminar el fondo de gesti\u00f3n social -el barrilito- que reciben los legisladores debe contar con el aval del pleno, que es el que aprueba la partida presupuestaria de las c\u00e1maras. Afirma que esa decisi\u00f3n [&hellip;]<\/p>\n","protected":false},"author":3,"featured_media":0,"comment_status":"open","ping_status":"open","sticky":false,"template":"","format":"standard","meta":{"footnotes":""},"categories":[22],"tags":[],"class_list":["post-161839","post","type-post","status-publish","format-standard","hentry","category-politica"],"_links":{"self":[{"href":"https:\/\/diariodominicano.com\/index.php?rest_route=\/wp\/v2\/posts\/161839","targetHints":{"allow":["GET"]}}],"collection":[{"href":"https:\/\/diariodominicano.com\/index.php?rest_route=\/wp\/v2\/posts"}],"about":[{"href":"https:\/\/diariodominicano.com\/index.php?rest_route=\/wp\/v2\/types\/post"}],"author":[{"embeddable":true,"href":"https:\/\/diariodominicano.com\/index.php?rest_route=\/wp\/v2\/users\/3"}],"replies":[{"embeddable":true,"href":"https:\/\/diariodominicano.com\/index.php?rest_route=%2Fwp%2Fv2%2Fcomments&post=161839"}],"version-history":[{"count":0,"href":"https:\/\/diariodominicano.com\/index.php?rest_route=\/wp\/v2\/posts\/161839\/revisions"}],"wp:attachment":[{"href":"https:\/\/diariodominicano.com\/index.php?rest_route=%2Fwp%2Fv2%2Fmedia&parent=161839"}],"wp:term":[{"taxonomy":"category","embeddable":true,"href":"https:\/\/diariodominicano.com\/index.php?rest_route=%2Fwp%2Fv2%2Fcategories&post=161839"},{"taxonomy":"post_tag","embeddable":true,"href":"https:\/\/diariodominicano.com\/index.php?rest_route=%2Fwp%2Fv2%2Ftags&post=161839"}],"curies":[{"name":"wp","href":"https:\/\/api.w.org\/{rel}","templated":true}]}}