{"id":161837,"date":"2014-10-19T17:02:01","date_gmt":"2014-10-19T17:02:01","guid":{"rendered":"http:\/\/diariodominicano.ddns.net\/?p=161837"},"modified":"2014-10-19T17:02:01","modified_gmt":"2014-10-19T17:02:01","slug":"antonio-marte-desempleo-alto-costo-de-la-vida-y-salud-son-los-principales-problemas-que-padece-poblacion","status":"publish","type":"post","link":"https:\/\/diariodominicano.com\/?p=161837","title":{"rendered":"Antonio Marte: desempleo, alto costo de la vida y salud son los principales problemas que padece poblaci\u00f3n  &#13;"},"content":{"rendered":"<p><body><\/p>\n<p><span class=\"text1noticias\">Santo Domingo, RD, 19 de octubre de 2014.-El presidente del Movimiento Primero la Gente (MPG) pidi\u00f3 al Gobierno priorizar la soluci\u00f3n de los males que tiene la ciudadan\u00eda, para que la naci\u00f3n pueda tener estabilidad econ\u00f3mica y clima de paz.<\/span><\/p>\n<\/p>\n<p><span class=\"text1noticias\">El empresario del transporte Antonio Marte dijo que se requiere crear una paz social, sostenible y evitar que la poblaci\u00f3n se desborde en reclamos de servicios, lo que podr\u00eda  alterar la tranquilidad de este tiempo.<\/span><\/p>\n<\/p>\n<p><span class=\"text1noticias\">Reconoci\u00f3 el benepl\u00e1cito que siente la poblaci\u00f3n, el empresariado, el transporte y los distintos sectores, con la reducci\u00f3n del precio de los combustibles el pasado viernes, como consecuencia del desplome del precio del petr\u00f3leo a nivel internacional, pero se\u00f1al\u00f3 que las disminuciones de los precios de los carburantes deben continuar hasta colocar su valor a niveles asequible para la mayor\u00eda de la gente.<\/span><\/p>\n<\/p>\n<p><span class=\"text1noticias\">Al mismo tiempo, consider\u00f3 que La falta de fuentes de empleo es un problema capital, ya que la gente que no devenga un salario ni tiene ingresos fijos, son las m\u00e1s deprimidas y abatidas al momento de tener que decidir enviar sus hijos a la escuela, comprar medicamentos, adquirir comida y pagar los servicios b\u00e1sicos de energ\u00eda el\u00e9ctrica, agua y alquiler de la vivienda.<\/span><\/p>\n<\/p>\n<p><span class=\"text1noticias\">\u00abEsta situaci\u00f3n ha tenido un crecimiento considerable en los \u00faltimos meses. Otra preocupaci\u00f3n que se relaciona el tema econ\u00f3mico es el alto costo de la vida y la crisis econ\u00f3mica que padecemos la mayor\u00eda de los dominicanos\u00bb, expres\u00f3 Marte, tras indicar que en el \u00e1mbito familiar, el flagelo que m\u00e1s golpea a los hogares es la poca capacidad adquisitiva.<\/span><\/p>\n<\/p>\n<p><span class=\"text1noticias\">Manifest\u00f3 que la situaci\u00f3n est\u00e1 en que el dinero no alcanza para suplir las necesidades b\u00e1sicas y esta situaci\u00f3n junto con el desempleo y el futuro de los hijos, son los problemas de las familias dominicanas.<\/span><\/p>\n<p><span class=\"text1noticias\">Sostuvo que la prioridad de este pa\u00eds tiene que ser la salud de la gente. Pide que al igual que se elev\u00f3 el presupuesto para la educaci\u00f3n, la salud amerita que se incremente su partida en el presupuesto del 2015, \u00abya que educaci\u00f3n y salud tiene que ir a la par, puesto que sin una y la otra, no hay desarrollo para el pa\u00eds\u00bb.<\/span><\/p>\n<\/p>\n<p><span class=\"text1noticias\">Marte, pol\u00edtico y empresario, le solicit\u00f3 al Congreso de la Rep\u00fablica consignar en el presupuesto del pr\u00f3ximo a\u00f1o el 3% del Producto Interno Bruto (PIB) para la salud, de manera que los hospitales p\u00fablicos cuenten con los recursos que requieren para dotarse de equipos, personal m\u00e9dico calificado, responsable y con la suficiente sensibilidad humana que se requiere para tratar a los pacientes que acuden a los centros p\u00fablicos.<\/span><\/p>\n<\/p>\n<p><span class=\"text1noticias\">Record\u00f3 que las personas que van a los hospitales del Estado son las que menos cuentan con recursos econ\u00f3micos para atenderse en centros m\u00e9dicos privados.(HG)<\/span>.<\/p>\n<\/p>\n<h6> 2014-10-19 17:02:01 <\/h6>\n<p><!--\n<link rel=\"stylesheet\" href=\"css\/bootstrap.min.css\">\n\n\n<ul class=\"pagination\">\n\t    \n\t\n\n<li >\n\t<a href='?page_no=14301'>Previous<\/a>\n\t<\/li>\n\n\n       \n    \n\n<li><a href='?page_no=1'>1<\/a><\/li>\n\n\n\n<li><a href='?page_no=2'>2<\/a><\/li>\n\n\n\n<li><a>...<\/a><\/li>\n\n\n\n<li><a href='?page_no=14300'>14300<\/a><\/li>\n\n\n\n<li><a href='?page_no=14301'>14301<\/a><\/li>\n\n\n\n<li class='active'><a>14302<\/a><\/li>\n\n\n\n<li><a href='?page_no=14303'>14303<\/a><\/li>\n\n\n\n<li><a href='?page_no=14304'>14304<\/a><\/li>\n\n\n\n<li><a>...<\/a><\/li>\n\n\n\n<li><a href='?page_no=36999'>36999<\/a><\/li>\n\n\n\n<li><a href='?page_no=37000'>37000<\/a><\/li>\n\n    \n\t\n\n<li >\n\t<a href='?page_no=14303'>Next<\/a>\n\t<\/li>\n\n\n    \n\n<li><a href='?page_no=37000'>Last &rsaquo;&rsaquo;<\/a><\/li>\n\n<\/ul>\n\n\n--><br \/>\n<\/body><\/p>\n","protected":false},"excerpt":{"rendered":"<p>Santo Domingo, RD, 19 de octubre de 2014.-El presidente del Movimiento Primero la Gente (MPG) pidi\u00f3 al Gobierno priorizar la soluci\u00f3n de los males que tiene la ciudadan\u00eda, para que la naci\u00f3n pueda tener estabilidad econ\u00f3mica y clima de paz. El empresario del transporte Antonio Marte dijo que se requiere crear una paz social, sostenible [&hellip;]<\/p>\n","protected":false},"author":3,"featured_media":0,"comment_status":"open","ping_status":"open","sticky":false,"template":"","format":"standard","meta":{"footnotes":""},"categories":[22],"tags":[],"class_list":["post-161837","post","type-post","status-publish","format-standard","hentry","category-politica"],"_links":{"self":[{"href":"https:\/\/diariodominicano.com\/index.php?rest_route=\/wp\/v2\/posts\/161837","targetHints":{"allow":["GET"]}}],"collection":[{"href":"https:\/\/diariodominicano.com\/index.php?rest_route=\/wp\/v2\/posts"}],"about":[{"href":"https:\/\/diariodominicano.com\/index.php?rest_route=\/wp\/v2\/types\/post"}],"author":[{"embeddable":true,"href":"https:\/\/diariodominicano.com\/index.php?rest_route=\/wp\/v2\/users\/3"}],"replies":[{"embeddable":true,"href":"https:\/\/diariodominicano.com\/index.php?rest_route=%2Fwp%2Fv2%2Fcomments&post=161837"}],"version-history":[{"count":0,"href":"https:\/\/diariodominicano.com\/index.php?rest_route=\/wp\/v2\/posts\/161837\/revisions"}],"wp:attachment":[{"href":"https:\/\/diariodominicano.com\/index.php?rest_route=%2Fwp%2Fv2%2Fmedia&parent=161837"}],"wp:term":[{"taxonomy":"category","embeddable":true,"href":"https:\/\/diariodominicano.com\/index.php?rest_route=%2Fwp%2Fv2%2Fcategories&post=161837"},{"taxonomy":"post_tag","embeddable":true,"href":"https:\/\/diariodominicano.com\/index.php?rest_route=%2Fwp%2Fv2%2Ftags&post=161837"}],"curies":[{"name":"wp","href":"https:\/\/api.w.org\/{rel}","templated":true}]}}