{"id":161836,"date":"2014-10-19T17:25:18","date_gmt":"2014-10-19T17:25:18","guid":{"rendered":"http:\/\/diariodominicano.ddns.net\/?p=161836"},"modified":"2014-10-19T17:25:18","modified_gmt":"2014-10-19T17:25:18","slug":"leonel-fernandez-encabeza-acto-multitudinario-donde-le-reclaman-acepte-candidatura","status":"publish","type":"post","link":"https:\/\/diariodominicano.com\/?p=161836","title":{"rendered":"Leonel Fern\u00e1ndez encabeza acto multitudinario donde le reclaman acepte candidatura"},"content":{"rendered":"<p><body><\/p>\n<p><img decoding=\"async\" src=\"img3\/leito 19.JPG\" \/>  <\/p>\n<p>Santo Domingo RD 19 octubre.- El expresidente Leonel Fern\u00e1ndez encabez\u00f3 este domingo un multitudinario acto en el que el nuevo \u00abMovimiento Leonel 16\u00bb reclama que el exmandatario acepte la precandidatura presidencial del PLD con miras a las elecciones del a\u00f1o 2016. <\/p>\n<\/p>\n<p>El acto fue realizado en el Club Mauricio B\u00e1ez de Villa Juana, Distrito Nacional. <\/p>\n<p>Entre los argumentos de este nuevo movimiento est\u00e1n que Fern\u00e1ndez \u00abes la \u00fanica figura que garantiza la permanencia en el poder\u00bb y resaltaron las obras de su Gobierno. <\/p>\n<\/p>\n<p>De su lado, el exmandatario agradeci\u00f3 el apoyo de ese movimiento y asegur\u00f3 que analizar\u00e1 la propuesta, al reiterar que los vientos siguen soplando a su favor. <\/p>\n<\/p>\n<p>El tambi\u00e9n presidente del Partido de la Liberaci\u00f3n Dominicana-PLD-, Manifest\u00f3 adem\u00e1s su compromiso personal de la continuaci\u00f3n del progreso econ\u00f3mico y social de la Naci\u00f3n y la aplicaci\u00f3n de pol\u00edticas p\u00fablicas orientadas hacia los segmentos favorecidos de la poblaci\u00f3n. <\/p>\n<\/p>\n<p>Este acto fue convocado por m\u00e1s de 30 organizaciones sociales, comunitarias e iglesias de todas las denominaciones. Adem\u00e1s juntas de vecinos, gremios profesionales y sindicatos. <\/p>\n<\/p>\n<p>Los principales organizadores del movimiento son Rogelio Mart\u00ednez, Olivia Heredia y Eugenio S\u00e1nchez, quienes destacaron los logros del Gobierno de Fern\u00e1ndez en materia educativa, salud, agricultura, entre otros.<\/p>\n<\/p>\n<h6> 2014-10-19 17:25:18 <\/h6>\n<p><!--\n<link rel=\"stylesheet\" href=\"css\/bootstrap.min.css\">\n\n\n<ul class=\"pagination\">\n\t    \n\t\n\n<li >\n\t<a href='?page_no=14300'>Previous<\/a>\n\t<\/li>\n\n\n       \n    \n\n<li><a href='?page_no=1'>1<\/a><\/li>\n\n\n\n<li><a href='?page_no=2'>2<\/a><\/li>\n\n\n\n<li><a>...<\/a><\/li>\n\n\n\n<li><a href='?page_no=14299'>14299<\/a><\/li>\n\n\n\n<li><a href='?page_no=14300'>14300<\/a><\/li>\n\n\n\n<li class='active'><a>14301<\/a><\/li>\n\n\n\n<li><a href='?page_no=14302'>14302<\/a><\/li>\n\n\n\n<li><a href='?page_no=14303'>14303<\/a><\/li>\n\n\n\n<li><a>...<\/a><\/li>\n\n\n\n<li><a href='?page_no=36999'>36999<\/a><\/li>\n\n\n\n<li><a href='?page_no=37000'>37000<\/a><\/li>\n\n    \n\t\n\n<li >\n\t<a href='?page_no=14302'>Next<\/a>\n\t<\/li>\n\n\n    \n\n<li><a href='?page_no=37000'>Last &rsaquo;&rsaquo;<\/a><\/li>\n\n<\/ul>\n\n\n--><br \/>\n<\/body><\/p>\n","protected":false},"excerpt":{"rendered":"<p>Santo Domingo RD 19 octubre.- El expresidente Leonel Fern\u00e1ndez encabez\u00f3 este domingo un multitudinario acto en el que el nuevo \u00abMovimiento Leonel 16\u00bb reclama que el exmandatario acepte la precandidatura presidencial del PLD con miras a las elecciones del a\u00f1o 2016. El acto fue realizado en el Club Mauricio B\u00e1ez de Villa Juana, Distrito Nacional. [&hellip;]<\/p>\n","protected":false},"author":3,"featured_media":0,"comment_status":"open","ping_status":"open","sticky":false,"template":"","format":"standard","meta":{"footnotes":""},"categories":[22],"tags":[],"class_list":["post-161836","post","type-post","status-publish","format-standard","hentry","category-politica"],"_links":{"self":[{"href":"https:\/\/diariodominicano.com\/index.php?rest_route=\/wp\/v2\/posts\/161836","targetHints":{"allow":["GET"]}}],"collection":[{"href":"https:\/\/diariodominicano.com\/index.php?rest_route=\/wp\/v2\/posts"}],"about":[{"href":"https:\/\/diariodominicano.com\/index.php?rest_route=\/wp\/v2\/types\/post"}],"author":[{"embeddable":true,"href":"https:\/\/diariodominicano.com\/index.php?rest_route=\/wp\/v2\/users\/3"}],"replies":[{"embeddable":true,"href":"https:\/\/diariodominicano.com\/index.php?rest_route=%2Fwp%2Fv2%2Fcomments&post=161836"}],"version-history":[{"count":0,"href":"https:\/\/diariodominicano.com\/index.php?rest_route=\/wp\/v2\/posts\/161836\/revisions"}],"wp:attachment":[{"href":"https:\/\/diariodominicano.com\/index.php?rest_route=%2Fwp%2Fv2%2Fmedia&parent=161836"}],"wp:term":[{"taxonomy":"category","embeddable":true,"href":"https:\/\/diariodominicano.com\/index.php?rest_route=%2Fwp%2Fv2%2Fcategories&post=161836"},{"taxonomy":"post_tag","embeddable":true,"href":"https:\/\/diariodominicano.com\/index.php?rest_route=%2Fwp%2Fv2%2Ftags&post=161836"}],"curies":[{"name":"wp","href":"https:\/\/api.w.org\/{rel}","templated":true}]}}