{"id":161832,"date":"2014-10-19T19:51:05","date_gmt":"2014-10-19T19:51:05","guid":{"rendered":"http:\/\/diariodominicano.ddns.net\/?p=161832"},"modified":"2014-10-19T19:51:05","modified_gmt":"2014-10-19T19:51:05","slug":"leonel-fernandez-todos-aspiramos-a-tejer-suenos-e-ilusiones-de-un-mejor-futuro-para-la-rd","status":"publish","type":"post","link":"https:\/\/diariodominicano.com\/?p=161832","title":{"rendered":"Leonel Fern\u00e1ndez: \u00abTodos aspiramos a tejer sue\u00f1os e ilusiones de un mejor futuro para la RD\u00bb"},"content":{"rendered":"<p><body><\/p>\n<p><img decoding=\"async\" src=\"img3\/unnamed (9).jpg\" \/><br \/><img decoding=\"async\" src=\"img3\/unnamed (2) (2).jpg\" \/><br \/><img decoding=\"async\" src=\"img3\/unnamed (4).jpg\" \/>  <\/p>\n<p><strong><span class=\"text1noticias\">El ex presidente Fern\u00e1ndez agradeci\u00f3 el respaldo que le ofreci\u00f3 el Movimiento Leonel 16, al tiempo de reiterar  su compromiso personal con la continuaci\u00f3n del progreso econ\u00f3mico y social del pa\u00eds y la aplicaci\u00f3n de pol\u00edticas p\u00fablicas orientadas hacia los segmentos menos favorecidos de la poblaci\u00f3n.<\/span><\/strong><\/p>\n<p><strong><span class=\"text1noticias\">\u00abAgradezco muy sinceramente que me hayan manifestado su confianza en que mi persona puede contribuir una vez m\u00e1s a mejorar los destinos de la Rep\u00fablica Dominicana\u00bb, proclam\u00f3 el ex gobernante.<\/span><\/strong><\/p>\n<p><strong><span class=\"text1noticias\">\u00abTodos aspiramos a tejer sue\u00f1os e ilusiones de un mejor futuro para la Rep\u00fablica Dominicana\u00bb, puntualiz\u00f3 el tambi\u00e9n presidente del PLD.<\/span><\/strong><\/p>\n<\/p>\n<p><span class=\"text1noticias\">SANTO DOMINGO, RD, 19 de Octubre de 2014.- El ex presidente de la Rep\u00fablica, Leonel Fern\u00e1ndez, agradeci\u00f3 este domingo el respaldo  que viene recibiendo para que se postule nuevamente a la Presidencia de la Rep\u00fablica, de cara a las elecciones del 2016.<\/span><\/p>\n<\/p>\n<p><span class=\"text1noticias\">Se expres\u00f3 en estos t\u00e9rminos al pronunciar el discurso central de un  acto, en el que centenares de personas, agrupadas en el Movimiento Leonel 16, le pidieron  este domingo que acepte la postulaci\u00f3n a la presidencia, porque consideran que solo \u00e9l asegura la permanencia del Partido de la Liberaci\u00f3n Dominicana (PLD) en el poder por un nuevo periodo gubernativo. El acto fue celebrado  en el Club Mauricio B\u00e1ez, de esta capital.<\/span><\/p>\n<\/p>\n<p><span class=\"text1noticias\">El ex presidente Fern\u00e1ndez agradeci\u00f3 el respaldo que le ofreci\u00f3 el Movimiento Leonel 16, al tiempo de reiterar  su compromiso personal con la continuaci\u00f3n del progreso econ\u00f3mico y social del pa\u00eds y la aplicaci\u00f3n de pol\u00edticas p\u00fablicas orientadas hacia los segmentos menos favorecidos de la poblaci\u00f3n.<\/span><\/p>\n<p><span class=\"text1noticias\">\u00abAgradezco muy sinceramente que me hayan manifestado su confianza en que mi persona puede contribuir una vez m\u00e1s a mejorar los destinos de la Rep\u00fablica Dominicana\u00bb, proclam\u00f3 el ex gobernante.<\/span><\/p>\n<\/p>\n<p><span class=\"text1noticias\">\u00abTodos aspiramos a tejer sue\u00f1os e ilusiones de un mejor futuro para la Rep\u00fablica Dominicana\u00bb, puntualiz\u00f3 el tambi\u00e9n presidente del PLD.<\/span><\/p>\n<\/p>\n<p><span class=\"text1noticias\">Dijo  que la pobreza, la desigualdad y el desempleo siguen siendo problemas fundamentales que hay que enfrentar en la Rep\u00fablica Dominicana, por lo que se siente comprometido a trabajar para hacer frente a esa situaci\u00f3n.<\/span><\/p>\n<\/p>\n<p><span class=\"text1noticias\">En su intervenci\u00f3n, el ex presidente Fern\u00e1ndez dijo que no pod\u00eda ocultar la emoci\u00f3n que sinti\u00f3 al llegar a las instalaciones del Club Mauricio B\u00e1ez, un lugar que defini\u00f3 como emblem\u00e1tico para la cultura nacional.<\/span><\/p>\n<\/p>\n<p><span class=\"text1noticias\">\u00abEs motivo de singular satisfacci\u00f3n estar en el club Mauricio B\u00e1ez, que ha influido en la formaci\u00f3n de muchos j\u00f3venes que han gravitado positivamente en los destinos del pa\u00eds\u00bb.<\/span><\/p>\n<\/p>\n<p><span class=\"text1noticias\">Entre esas personalidades, Fern\u00e1ndez cit\u00f3 al comunicador y dirigente club\u00edstico Leo Corpor\u00e1n, quien lleva cerca de 50 a\u00f1os incidiendo en el  sector de Villa Juana y particularmente en el Club Mauricio B\u00e1ez. Tambi\u00e9n destac\u00f3 figuras ejemplares como el ingeniero Diandino Pe\u00f1a, los artistas Johnny Ventura y Julio Zabala, as\u00ed como Jimmy Sierra, Adriano de la Cruz y otros destacados dominicanos que han salido de ese sector capitalino.<\/span><\/p>\n<\/p>\n<p><span class=\"text1noticias\">De igual manera, resalt\u00f3 que \u00e9l tambi\u00e9n es un producto de Villa Juana, ya que naci\u00f3 en la calle Francisco Villaespesa n\u00famero 23, de este sector, en una esquina en la que la juventud se reun\u00eda habitualmente para discutir los problemas nacionales.<\/span><\/p>\n<\/p>\n<p><span class=\"text1noticias\">\u00abTomo nota de que aqu\u00ed los vientos est\u00e1n soplando, porque estoy seguro de que en cualquier circunstancia e&#8217; pa&#8217; lante que vamos\u00bb, concluy\u00f3 Fern\u00e1ndez, en medio de gran algarab\u00eda.<\/span><\/p>\n<p><span class=\"text1noticias\"><strong>\u00abEl l\u00edder que conect\u00f3 al pa\u00eds con la modernidad\u00bb<\/strong><\/span><\/p>\n<\/p>\n<p><span class=\"text1noticias\">En el acto se dieron citas dirigentes y miembros de m\u00e1s de 30 organizaciones sociales y comunitarias, iglesias de todas las denominaciones, juntas de vecinos, gremios profesionales y sindicatos sin conocida militancia pol\u00edtico-partidaria.<\/span><\/p>\n<\/p>\n<p><span class=\"text1noticias\">En sus respectivas intervenciones, F\u00e9lix Perdomo, Rogelio Mart\u00ednez, Olivia Heredia y Eugenio S\u00e1nchez, principales coordinadores del Movimiento Leonel 16, destacaron los logros de los gobiernos del doctor Fern\u00e1ndez en materia econ\u00f3mica, educaci\u00f3n, salud, agricultura, construcci\u00f3n de importantes obras de infraestructura y los centros tecnol\u00f3gicos comunitarios que han conectado al pa\u00eds con la modernidad.<\/span><\/p>\n<\/p>\n<p><span class=\"text1noticias\">Los  directivos del Movimiento Leonel 16 destacaron la construcci\u00f3n de obras de infraestructura como el Metro de Santo Domingo, as\u00ed como t\u00faneles, elevados, avenidas, miles de escuelas, extensiones universitarias y centros tecnol\u00f3gicos, adem\u00e1s del fortalecimiento de la salud, la producci\u00f3n agropecuaria  y la educaci\u00f3n como un legado tangible y valioso de los gobiernos del peledeistas en los per\u00edodos 1996-2000 y del 2004 al 2012.<\/span><\/p>\n<\/p>\n<p><span class=\"text1noticias\">\u00abSolo un l\u00edder visionario con extraordinario talento y capacidad gerencial como Leonel Fern\u00e1ndez fue capaz de alcanzar esos  logros, en un entorno global adverso, generado por la grave crisis econ\u00f3mica de los Estados Unidos, Asia y Europa\u00bb.<\/span><\/p>\n<\/p>\n<p><span class=\"text1noticias\">Explicaron que Leonel 16 es un movimiento que surge de las entra\u00f1as mismas del pueblo y procurar\u00e1 una activa participaci\u00f3n en el nuevo gobierno 2016-2020 en la definici\u00f3n de pol\u00edticas de desarrollo integral de las comunidades,  en procura de elevar la calidad de vida de los m\u00e1s despose\u00eddos.<\/span><\/p>\n<\/p>\n<p><span class=\"text1noticias\">La invocaci\u00f3n religiosa del acto estuvo a cargo del pastor Marino Reyes G\u00fcilamo, de la iglesia Jes\u00fas es la Ley del Mundo. Cont\u00f3, adem\u00e1s, con una escena de humor a cargo de un elenco encabezado por el c\u00e9lebre Nicol\u00e1s D\u00edaz (Margaro) y una participaci\u00f3n a cargo de la artista Cristiana Angil Piantini.<\/span><\/p>\n<\/p>\n<p><span class=\"text1noticias\">En el transcurso del acto, Perdomo, Mart\u00ednez, Heredia y S\u00e1nchez le entregaron a Fern\u00e1ndez una placa de reconocimiento por las exitosas realizaciones en sus gestiones de gobierno 1996-2000 y del 2004 al 2012.<\/span><\/p>\n<\/p>\n<\/p>\n<h6> 2014-10-19 19:51:05 <\/h6>\n<p><!--\n<link rel=\"stylesheet\" href=\"css\/bootstrap.min.css\">\n\n\n<ul class=\"pagination\">\n\t    \n\t\n\n<li >\n\t<a href='?page_no=14298'>Previous<\/a>\n\t<\/li>\n\n\n       \n    \n\n<li><a href='?page_no=1'>1<\/a><\/li>\n\n\n\n<li><a href='?page_no=2'>2<\/a><\/li>\n\n\n\n<li><a>...<\/a><\/li>\n\n\n\n<li><a href='?page_no=14297'>14297<\/a><\/li>\n\n\n\n<li><a href='?page_no=14298'>14298<\/a><\/li>\n\n\n\n<li class='active'><a>14299<\/a><\/li>\n\n\n\n<li><a href='?page_no=14300'>14300<\/a><\/li>\n\n\n\n<li><a href='?page_no=14301'>14301<\/a><\/li>\n\n\n\n<li><a>...<\/a><\/li>\n\n\n\n<li><a href='?page_no=36999'>36999<\/a><\/li>\n\n\n\n<li><a href='?page_no=37000'>37000<\/a><\/li>\n\n    \n\t\n\n<li >\n\t<a href='?page_no=14300'>Next<\/a>\n\t<\/li>\n\n\n    \n\n<li><a href='?page_no=37000'>Last &rsaquo;&rsaquo;<\/a><\/li>\n\n<\/ul>\n\n\n--><br \/>\n<\/body><\/p>\n","protected":false},"excerpt":{"rendered":"<p>El ex presidente Fern\u00e1ndez agradeci\u00f3 el respaldo que le ofreci\u00f3 el Movimiento Leonel 16, al tiempo de reiterar su compromiso personal con la continuaci\u00f3n del progreso econ\u00f3mico y social del pa\u00eds y la aplicaci\u00f3n de pol\u00edticas p\u00fablicas orientadas hacia los segmentos menos favorecidos de la poblaci\u00f3n. \u00abAgradezco muy sinceramente que me hayan manifestado su confianza [&hellip;]<\/p>\n","protected":false},"author":3,"featured_media":0,"comment_status":"open","ping_status":"open","sticky":false,"template":"","format":"standard","meta":{"footnotes":""},"categories":[22],"tags":[],"class_list":["post-161832","post","type-post","status-publish","format-standard","hentry","category-politica"],"_links":{"self":[{"href":"https:\/\/diariodominicano.com\/index.php?rest_route=\/wp\/v2\/posts\/161832","targetHints":{"allow":["GET"]}}],"collection":[{"href":"https:\/\/diariodominicano.com\/index.php?rest_route=\/wp\/v2\/posts"}],"about":[{"href":"https:\/\/diariodominicano.com\/index.php?rest_route=\/wp\/v2\/types\/post"}],"author":[{"embeddable":true,"href":"https:\/\/diariodominicano.com\/index.php?rest_route=\/wp\/v2\/users\/3"}],"replies":[{"embeddable":true,"href":"https:\/\/diariodominicano.com\/index.php?rest_route=%2Fwp%2Fv2%2Fcomments&post=161832"}],"version-history":[{"count":0,"href":"https:\/\/diariodominicano.com\/index.php?rest_route=\/wp\/v2\/posts\/161832\/revisions"}],"wp:attachment":[{"href":"https:\/\/diariodominicano.com\/index.php?rest_route=%2Fwp%2Fv2%2Fmedia&parent=161832"}],"wp:term":[{"taxonomy":"category","embeddable":true,"href":"https:\/\/diariodominicano.com\/index.php?rest_route=%2Fwp%2Fv2%2Fcategories&post=161832"},{"taxonomy":"post_tag","embeddable":true,"href":"https:\/\/diariodominicano.com\/index.php?rest_route=%2Fwp%2Fv2%2Ftags&post=161832"}],"curies":[{"name":"wp","href":"https:\/\/api.w.org\/{rel}","templated":true}]}}