{"id":161829,"date":"2014-10-20T14:26:25","date_gmt":"2014-10-20T14:26:25","guid":{"rendered":"http:\/\/diariodominicano.ddns.net\/?p=161829"},"modified":"2014-10-20T14:26:25","modified_gmt":"2014-10-20T14:26:25","slug":"francisco-javier-garcia-dice-garantiza-unidad-pld-respaldan-a-reinaldo-y-temo-va-a-la-romana","status":"publish","type":"post","link":"https:\/\/diariodominicano.com\/?p=161829","title":{"rendered":"&#13;Francisco Javier Garc\u00eda dice garantiza unidad PLD; respaldan a Reinaldo y Temo va a La Romana"},"content":{"rendered":"<p><body><\/p>\n<p><img decoding=\"async\" src=\"img3\/fran 1.jpg\" \/><br \/><img decoding=\"async\" src=\"img3\/montas 20.jpg\" \/><br \/><img decoding=\"async\" src=\"img3\/pld 20.jpg\" \/>  <\/p>\n<p>Bonao RD 20 octubre.- Francisco Javier Garc\u00eda, afirm\u00f3 ayer que representa la unidad y la garant\u00eda de triunfo para que el PLD siga dirigiendo los destinos de la Rep\u00fablica Dominicana.<\/p>\n<\/p>\n<p> Sostuvo que el partido fundado por el profesor Juan Bosch, en 1973, va a cumplir doce a\u00f1os gobernando consecutivamente, por lo que solamente una oferta presidencial novedosa y atractiva,  como la suya, puede garantizar el cuarto mandato en las dos primeras d\u00e9cadas del Siglo XXI.<\/p>\n<\/p>\n<p>Proclam\u00f3 que siente un gran compromiso de ganar la Presidencia para corresponder a los altos niveles de simpat\u00eda que est\u00e1 recibiendo dentro y fuera del PLD.<\/p>\n<\/p>\n<p>Dijo que su gobierno tendr\u00eda entre sus prioridades resolver el problema del hambre y el desempleo que golpean a los sectores pobres y m\u00e1s necesitados del pa\u00eds.  Indic\u00f3 que no aspira a ser un presidente para la historia, \u00abm\u00e1s bien lo que procuro es convertirme en un mandatario al servicio del pueblo dominicano\u00bb. \u00ab<\/p>\n<\/p>\n<p>\u00abEl presidente Danilo Medina est\u00e1 sembrando el pa\u00eds de escuelas, yo voy a sembrar el pa\u00eds de comida\u00bb, expres\u00f3 Francisco Javier, durante un recorrido que encabez\u00f3 en Bonao y Cotu\u00ed, municipios cabecera de las provincias Monse\u00f1or Nouel y Juan S\u00e1nchez Ram\u00edrez, respectivamente.<\/p>\n<\/p>\n<p>Santo Domingo Este.<\/p>\n<\/p>\n<p>Anuncian apoyo a las aspiraciones de Pared P\u00e9rez<\/p>\n<\/p>\n<p>El aspirante presidencial Reinaldo Pared P\u00e9rez recibi\u00f3 el respaldo a sus aspiraciones de parte de la dirigencia del PLD de la circunscripci\u00f3n uno de la provincia Santo Domingo, as\u00ed como del municipio de Guerra.<\/p>\n<\/p>\n<p>Al hablar ante dirigentes municipales e intermedios del municipio de Guerra, el diputado Alfredo Mart\u00ednez (El Ca\u00f1ero), de la circunscripci\u00f3n tres de la provincia Santo Domingo, resalt\u00f3 las cualidades de Pared P\u00e9rez, a quien consider\u00f3 como el m\u00e1s aventajado en la cadena de l\u00edderes que, a su juicio, tiene el PLD para seguir gobernando m\u00e1s all\u00e1 del 2016.<\/p>\n<\/p>\n<p>Record\u00f3 que cuando el profesor Juan Bosch fund\u00f3 el PLD siempre se refiri\u00f3 a esa organizaci\u00f3n como una escuela de l\u00edderes. \u00abEl actual presidente de nuestra organizaci\u00f3n nos dice que somos una f\u00e1brica de presidentes; como es as\u00ed, compa\u00f1eras y compa\u00f1eros, aqu\u00ed est\u00e1 ante nosotros el mejor producto que tiene nuestra f\u00e1brica de presidentes, el m\u00e1s aventajado l\u00edder en la sucesi\u00f3n del liderazgo pelede\u00edsta: el doctor Reinaldo Pared P\u00e9rez, pr\u00f3ximo presidente de la Rep\u00fablica\u00bb, proclam\u00f3 el legislador.<\/p>\n<\/p>\n<p>Iguales pronunciamientos hicieron tres aspirantes a la alcald\u00eda del municipio de Guerra: Tony Santana, Marinorquis Ozuna y Luisa Reyes.<\/p>\n<\/p>\n<p><strong>LA ROMANA<\/strong><\/p>\n<p><strong>Tem\u00edstocles Mont\u00e1s apoya que se investigue la corrupci\u00f3n<\/strong><\/p>\n<\/p>\n<p>Tem\u00edstocles Mont\u00e1s, afirm\u00f3 que apoya toda iniciativa p\u00fablica o privada tendente a perseguir y castigar cualquier acto de corrupci\u00f3n en la administraci\u00f3n del Estado porque eso \u00abbeneficia al partido y favorece al pa\u00eds\u00bb.<\/p>\n<\/p>\n<p>\u00abEl pr\u00f3ximo candidato presidencial del PLD tiene  que ser una persona incuestionable, que nadie la pueda se\u00f1alar por usar los recursos p\u00fablicos para beneficiarse en t\u00e9rminos personales\u00bb, advirti\u00f3 Mont\u00e1s durante su recorrido de fin de semana por la regi\u00f3n de cinco municipios del Este del pa\u00eds.<\/p>\n<\/p>\n<p>El aspirante presidencial advirti\u00f3 que la bandera de la lucha contra la corrupci\u00f3n no se puede levantar cuando se est\u00e1 en la oposici\u00f3n para abandonarla cuando se llega al gobierno, porque el partido que lo hace corre el riesgo de que las fuerzas m\u00e1s sanas de la sociedad lo abandonen.<\/p>\n<\/p>\n<p>Se\u00f1al\u00f3 que as\u00ed  como en Brasil hay muchos cuestionamientos ante el hecho de que el Partido de los Trabajadores (PT) ha tolerado la corrupci\u00f3n, aqu\u00ed se critica que el PLD haya personas se\u00f1aladas de cometer actos de corrupci\u00f3n. <\/p>\n<\/p>\n<p>\u00abNo lo podemos ocultar, la gente entiende que el PLD se ha olvidado de los valores que levant\u00f3\u00bb. sostuvo.<\/p>\n<\/p>\n<\/p>\n<h6> 2014-10-20 14:26:25 <\/h6>\n<p><!--\n<link rel=\"stylesheet\" href=\"css\/bootstrap.min.css\">\n\n\n<ul class=\"pagination\">\n\t    \n\t\n\n<li >\n\t<a href='?page_no=14295'>Previous<\/a>\n\t<\/li>\n\n\n       \n    \n\n<li><a href='?page_no=1'>1<\/a><\/li>\n\n\n\n<li><a href='?page_no=2'>2<\/a><\/li>\n\n\n\n<li><a>...<\/a><\/li>\n\n\n\n<li><a href='?page_no=14294'>14294<\/a><\/li>\n\n\n\n<li><a href='?page_no=14295'>14295<\/a><\/li>\n\n\n\n<li class='active'><a>14296<\/a><\/li>\n\n\n\n<li><a href='?page_no=14297'>14297<\/a><\/li>\n\n\n\n<li><a href='?page_no=14298'>14298<\/a><\/li>\n\n\n\n<li><a>...<\/a><\/li>\n\n\n\n<li><a href='?page_no=36999'>36999<\/a><\/li>\n\n\n\n<li><a href='?page_no=37000'>37000<\/a><\/li>\n\n    \n\t\n\n<li >\n\t<a href='?page_no=14297'>Next<\/a>\n\t<\/li>\n\n\n    \n\n<li><a href='?page_no=37000'>Last &rsaquo;&rsaquo;<\/a><\/li>\n\n<\/ul>\n\n\n--><br \/>\n<\/body><\/p>\n","protected":false},"excerpt":{"rendered":"<p>Bonao RD 20 octubre.- Francisco Javier Garc\u00eda, afirm\u00f3 ayer que representa la unidad y la garant\u00eda de triunfo para que el PLD siga dirigiendo los destinos de la Rep\u00fablica Dominicana. Sostuvo que el partido fundado por el profesor Juan Bosch, en 1973, va a cumplir doce a\u00f1os gobernando consecutivamente, por lo que solamente una oferta [&hellip;]<\/p>\n","protected":false},"author":3,"featured_media":0,"comment_status":"open","ping_status":"open","sticky":false,"template":"","format":"standard","meta":{"footnotes":""},"categories":[22],"tags":[],"class_list":["post-161829","post","type-post","status-publish","format-standard","hentry","category-politica"],"_links":{"self":[{"href":"https:\/\/diariodominicano.com\/index.php?rest_route=\/wp\/v2\/posts\/161829","targetHints":{"allow":["GET"]}}],"collection":[{"href":"https:\/\/diariodominicano.com\/index.php?rest_route=\/wp\/v2\/posts"}],"about":[{"href":"https:\/\/diariodominicano.com\/index.php?rest_route=\/wp\/v2\/types\/post"}],"author":[{"embeddable":true,"href":"https:\/\/diariodominicano.com\/index.php?rest_route=\/wp\/v2\/users\/3"}],"replies":[{"embeddable":true,"href":"https:\/\/diariodominicano.com\/index.php?rest_route=%2Fwp%2Fv2%2Fcomments&post=161829"}],"version-history":[{"count":0,"href":"https:\/\/diariodominicano.com\/index.php?rest_route=\/wp\/v2\/posts\/161829\/revisions"}],"wp:attachment":[{"href":"https:\/\/diariodominicano.com\/index.php?rest_route=%2Fwp%2Fv2%2Fmedia&parent=161829"}],"wp:term":[{"taxonomy":"category","embeddable":true,"href":"https:\/\/diariodominicano.com\/index.php?rest_route=%2Fwp%2Fv2%2Fcategories&post=161829"},{"taxonomy":"post_tag","embeddable":true,"href":"https:\/\/diariodominicano.com\/index.php?rest_route=%2Fwp%2Fv2%2Ftags&post=161829"}],"curies":[{"name":"wp","href":"https:\/\/api.w.org\/{rel}","templated":true}]}}