{"id":161828,"date":"2014-10-20T18:28:41","date_gmt":"2014-10-20T18:28:41","guid":{"rendered":"http:\/\/diariodominicano.ddns.net\/?p=161828"},"modified":"2014-10-20T18:28:41","modified_gmt":"2014-10-20T18:28:41","slug":"hanoi-sanchez-destaca-fortaleza-del-partido-de-la-liberacion-dominicana-en-san-juan","status":"publish","type":"post","link":"https:\/\/diariodominicano.com\/?p=161828","title":{"rendered":"&#13;&#13;Hanoi S\u00e1nchez destaca fortaleza del Partido de la Liberaci\u00f3n Dominicana  en San Juan"},"content":{"rendered":"<p><body><\/p>\n<p><img decoding=\"async\" src=\"img3\/honoi.jpg\" \/>  <\/p>\n<\/p>\n<\/p>\n<p><span class=\"text1noticias\"> <\/span><\/p>\n<p><span class=\"text1noticias\">Santo Domingo, RD, 20 de octubre.- Hanoi S\u00e1nchez, miembro del Comit\u00e9 Central del Partido de la Liberaci\u00f3n Dominicana (PLD), y alcaldesa de San Juan de la Maguana, destac\u00f3 la fortaleza pelede\u00edsta en esa provincia donde ha obtenido  un gran n\u00famero sucesivos  triunfos electorales<\/span><\/p>\n<p><span class=\"text1noticias\"> <\/span><\/p>\n<p><span class=\"text1noticias\">\u00abLo dicen los n\u00fameros, no lo digo yo, en las \u00faltimas elecciones San Juan ha demostrado que es un basti\u00f3n pelede\u00edsta\u00bb, expres\u00f3 S\u00e1nchez.<\/span><\/p>\n<p><span class=\"text1noticias\"> <\/span><\/p>\n<p><span class=\"text1noticias\">La dirigente, destaca en ese sentido,  que cuatro  de los seis alcaldes de los municipios de   la provincia pertenecen al Partido de la Liberaci\u00f3n Dominicana<\/span><\/p>\n<p><span class=\"text1noticias\"> <\/span><\/p>\n<p><span class=\"text1noticias\">En otro orden, preguntado sobre el sistema de empleos de la zona, Hanoi S\u00e1nchez informa de la implementaci\u00f3n de los invernaderos para los productores de San Juan que sumado a buenos cr\u00e9ditos y a buen mercado se crea la base de mejores condiciones de vida para estos.<\/span><\/p>\n<p><span class=\"text1noticias\"> <\/span><\/p>\n<p><span class=\"text1noticias\">La alcaldesa por el municipio cabecera de la provincia San Juan, Hanoi S\u00e1nchez,  tambi\u00e9n se refiri\u00f3 a la implementaci\u00f3n de los centros de llamadas que crear\u00e1 valiosos empleos para los j\u00f3venes  de all\u00ed: \u00abYa  con eso,  San Juan completa\u00bb, signific\u00f3 la dirigente del PLD en  nota divulgada por su partido a trav\u00e9s de la Secretar\u00eda de Comunicaciones.<\/span><\/p>\n<p><span class=\"text1noticias\"> <\/span><\/p>\n<p><span class=\"text1noticias\">Agrega que el hecho de que haya una movilizaci\u00f3n de empleos  llevar\u00e1 a las personas a demandar constantes bienes y servicios, como lo ha planteado el propio presidente de la Rep\u00fablica, Danilo Medina.<\/span><\/p>\n<p><span class=\"text1noticias\"> <\/span><\/p>\n<p><span class=\"text1noticias\">La alcaldesa por San Juan de la Maguana, Hanoi S\u00e1nchez record\u00f3 que all\u00ed se ha creado una feria de empleo, una iniciativa de la diputada  Luc\u00eda Medina, del senador  F\u00e9lix Bautista y el presidente Danilo Medina, motivando adem\u00e1s, un plan de manufactura en la zona.<\/span><\/p>\n<p><span class=\"text1noticias\"> <\/span><\/p>\n<p><span class=\"text1noticias\">\u00abY tambi\u00e9n la agroindustria  radicada en San Juan. Pienso que es el despegue final de San Juan de la Maguana\u00bb, subray\u00f3 la alcaldesa, al participar en el programa Revista 110.<\/span><\/p>\n<\/p>\n<h6> 2014-10-20 18:28:41 <\/h6>\n<p><!--\n<link rel=\"stylesheet\" href=\"css\/bootstrap.min.css\">\n\n\n<ul class=\"pagination\">\n\t    \n\t\n\n<li >\n\t<a href='?page_no=14294'>Previous<\/a>\n\t<\/li>\n\n\n       \n    \n\n<li><a href='?page_no=1'>1<\/a><\/li>\n\n\n\n<li><a href='?page_no=2'>2<\/a><\/li>\n\n\n\n<li><a>...<\/a><\/li>\n\n\n\n<li><a href='?page_no=14293'>14293<\/a><\/li>\n\n\n\n<li><a href='?page_no=14294'>14294<\/a><\/li>\n\n\n\n<li class='active'><a>14295<\/a><\/li>\n\n\n\n<li><a href='?page_no=14296'>14296<\/a><\/li>\n\n\n\n<li><a href='?page_no=14297'>14297<\/a><\/li>\n\n\n\n<li><a>...<\/a><\/li>\n\n\n\n<li><a href='?page_no=36999'>36999<\/a><\/li>\n\n\n\n<li><a href='?page_no=37000'>37000<\/a><\/li>\n\n    \n\t\n\n<li >\n\t<a href='?page_no=14296'>Next<\/a>\n\t<\/li>\n\n\n    \n\n<li><a href='?page_no=37000'>Last &rsaquo;&rsaquo;<\/a><\/li>\n\n<\/ul>\n\n\n--><br \/>\n<\/body><\/p>\n","protected":false},"excerpt":{"rendered":"<p>Santo Domingo, RD, 20 de octubre.- Hanoi S\u00e1nchez, miembro del Comit\u00e9 Central del Partido de la Liberaci\u00f3n Dominicana (PLD), y alcaldesa de San Juan de la Maguana, destac\u00f3 la fortaleza pelede\u00edsta en esa provincia donde ha obtenido un gran n\u00famero sucesivos triunfos electorales \u00abLo dicen los n\u00fameros, no lo digo yo, en las \u00faltimas elecciones [&hellip;]<\/p>\n","protected":false},"author":3,"featured_media":0,"comment_status":"open","ping_status":"open","sticky":false,"template":"","format":"standard","meta":{"footnotes":""},"categories":[22],"tags":[],"class_list":["post-161828","post","type-post","status-publish","format-standard","hentry","category-politica"],"_links":{"self":[{"href":"https:\/\/diariodominicano.com\/index.php?rest_route=\/wp\/v2\/posts\/161828","targetHints":{"allow":["GET"]}}],"collection":[{"href":"https:\/\/diariodominicano.com\/index.php?rest_route=\/wp\/v2\/posts"}],"about":[{"href":"https:\/\/diariodominicano.com\/index.php?rest_route=\/wp\/v2\/types\/post"}],"author":[{"embeddable":true,"href":"https:\/\/diariodominicano.com\/index.php?rest_route=\/wp\/v2\/users\/3"}],"replies":[{"embeddable":true,"href":"https:\/\/diariodominicano.com\/index.php?rest_route=%2Fwp%2Fv2%2Fcomments&post=161828"}],"version-history":[{"count":0,"href":"https:\/\/diariodominicano.com\/index.php?rest_route=\/wp\/v2\/posts\/161828\/revisions"}],"wp:attachment":[{"href":"https:\/\/diariodominicano.com\/index.php?rest_route=%2Fwp%2Fv2%2Fmedia&parent=161828"}],"wp:term":[{"taxonomy":"category","embeddable":true,"href":"https:\/\/diariodominicano.com\/index.php?rest_route=%2Fwp%2Fv2%2Fcategories&post=161828"},{"taxonomy":"post_tag","embeddable":true,"href":"https:\/\/diariodominicano.com\/index.php?rest_route=%2Fwp%2Fv2%2Ftags&post=161828"}],"curies":[{"name":"wp","href":"https:\/\/api.w.org\/{rel}","templated":true}]}}