{"id":161827,"date":"2014-10-20T18:42:19","date_gmt":"2014-10-20T18:42:19","guid":{"rendered":"http:\/\/diariodominicano.ddns.net\/?p=161827"},"modified":"2014-10-20T18:42:19","modified_gmt":"2014-10-20T18:42:19","slug":"montas-exhorta-a-las-bases-del-pld-a-defender-y-asumir-renovacion-del-liderazgo","status":"publish","type":"post","link":"https:\/\/diariodominicano.com\/?p=161827","title":{"rendered":"&#13;Mont\u00e1s exhorta a las bases del PLD a defender y asumir renovaci\u00f3n del liderazgo"},"content":{"rendered":"<p><body><\/p>\n<p><img decoding=\"async\" src=\"img3\/montasjura.jpg\" \/><br \/><img decoding=\"async\" src=\"img3\/montdados.jpg\" \/>  <\/p>\n<\/p>\n<\/p>\n<p><span class=\"text1noticias\">La Romana, RD, 20  de octubre.- El ingeniero Tem\u00edstocles Mont\u00e1s pidi\u00f3 a las bases del Partido de la Liberaci\u00f3n Dominicana (PLD) que no se dejen enga\u00f1ar por dirigentes que se consideran los \u00fanicos que pueden gobernar y llam\u00f3 a continuar renovando las esperanzas del pa\u00eds con un candidato nuevo que represente el futuro. <\/span><\/p>\n<\/p>\n<p><span class=\"text1noticias\">\u00abNo se dejen enga\u00f1ar por aquellos que creen que son los \u00fanicos que pueden gobernar a este pa\u00eds. No se dejen enga\u00f1ar por aquellos que creen que son los \u00fanicos l\u00edderes del PLD\u00bb, expres\u00f3 Mont\u00e1s al encabezar un acto la noche del domingo en el Centro de eventos \u00abLa Carreta\u00bb al que asistieron centenares de pelede\u00edstas de esta ciudad.<\/span><\/p>\n<\/p>\n<p><span class=\"text1noticias\">Dijo que en el PLD hay l\u00edderes y por tanto \u00abes importante que sigamos alternando el ejercicio del poder porque eso contribuye a renovar las esperanzas de los dominicanos y por encima de todo a fortalecer la democracia en la Rep\u00fablica Dominicana\u00bb.<\/span><\/p>\n<\/p>\n<p><span class=\"text1noticias\">Mont\u00e1s culmin\u00f3 aqu\u00ed un intenso recorrido de fin de semana que abarc\u00f3 los municipios de Higuey, El Seybo, Hato Mayor y San Pedro de Macor\u00eds en el que estuvo acompa\u00f1ado de varios miembros de su equipo de campa\u00f1a, entre ellos Inocencio Garc\u00eda, Johvanny Leyba, Zoilo Guzm\u00e1n, Rub\u00e9n Mont\u00e1s, Vicesecretario general del PLD y Felipe Valdez. En la actividad hablaron los dirigentes locales del PLD Franklin S\u00e1nchez y Antonio N\u00fa\u00f1ez.<\/span><\/p>\n<\/p>\n<p><span class=\"text1noticias\">Elogi\u00f3 el gobierno que encabeza el licenciado Danilo Medina y record\u00f3 que es el fruto de la alternabilidad en el liderazgo, por lo que llam\u00f3 a las bases a seguir abriendo las puertas al futuro y jam\u00e1s volver al pasado, de acuerdo a una nota de su equipo de prensa.<\/span><\/p>\n<\/p>\n<p><span class=\"text1noticias\">Al afirmar que en el PLD no hay un l\u00edder, sino muchos l\u00edderes, Mont\u00e1s se\u00f1al\u00f3 que \u00abel compa\u00f1ero Danilo Medina es un l\u00edder y est\u00e1 gobernando muy bien. Es el Presidente mejor valorado en toda la historia de la Rep\u00fablica Dominicana\u00bb, lo que a su juicio \u00abhabla bien de la necesidad de la alternabilidad democr\u00e1tica\u00bb.<\/span><\/p>\n<\/p>\n<p><span class=\"text1noticias\">Manifest\u00f3 que en un contexto en que Medina no puede ir a la reelecci\u00f3n, no solo porque est\u00e1 prohibida constitucionalmente sino porque el mandatario es un hombre de palabra y est\u00e1 comprometido contra la reelecci\u00f3n, lo correcto es que el PLD avance hacia el futuro con un candidato nuevo y no retroceda al pasado.<\/span><\/p>\n<\/p>\n<p><span class=\"text1noticias\">\u00abEstoy convencido de que Danilo respetar\u00e1 su palabra y el PLD tiene que seleccionar un nuevo candidato para las elecciones de 2016\u00bb, apunt\u00f3 Mont\u00e1s, tras se\u00f1alar que en las primarias del pr\u00f3ximo a\u00f1o el debate ser\u00e1 \u00absi volvemos atr\u00e1s o continuamos hacia adelante\u00bb. <\/span><\/p>\n<\/p>\n<p><span class=\"text1noticias\">Pidi\u00f3 a los peledeistas de todo el pa\u00eds que no teman al cambio y se preparen para escogerlo a \u00e9l como el candidato presidencial para las elecciones de 2016 porque es quien encarna el futuro y la alternabilidad democr\u00e1tica.<\/span><\/p>\n<\/p>\n<p><span class=\"text1noticias\">Al referirse a los cuestionamientos de algunos sectores nacionales de que se investigue a ex funcionarios por sospecha de corrupci\u00f3n, Mont\u00e1s dijo que \u00abel PLD es el primero que debe estar comprometido en la lucha contra la corrupci\u00f3n en Rep\u00fablica Dominicana\u00bb.<\/span><\/p>\n<\/p>\n<p><span class=\"text1noticias\">\u00abLevantemos las banderas de Juan Bosch. Si Bosch viviera, estuviera reclamando claridad en el manejo de los fondos p\u00fablicos\u00bb, puntualiz\u00f3 Mont\u00e1s tras reiterar que el peor error que podr\u00eda cometer el PLD es volver al pasado<\/span><\/p>\n<h6> 2014-10-20 18:42:19 <\/h6>\n<p><!--\n<link rel=\"stylesheet\" href=\"css\/bootstrap.min.css\">\n\n\n<ul class=\"pagination\">\n\t    \n\t\n\n<li >\n\t<a href='?page_no=14293'>Previous<\/a>\n\t<\/li>\n\n\n       \n    \n\n<li><a href='?page_no=1'>1<\/a><\/li>\n\n\n\n<li><a href='?page_no=2'>2<\/a><\/li>\n\n\n\n<li><a>...<\/a><\/li>\n\n\n\n<li><a href='?page_no=14292'>14292<\/a><\/li>\n\n\n\n<li><a href='?page_no=14293'>14293<\/a><\/li>\n\n\n\n<li class='active'><a>14294<\/a><\/li>\n\n\n\n<li><a href='?page_no=14295'>14295<\/a><\/li>\n\n\n\n<li><a href='?page_no=14296'>14296<\/a><\/li>\n\n\n\n<li><a>...<\/a><\/li>\n\n\n\n<li><a href='?page_no=36999'>36999<\/a><\/li>\n\n\n\n<li><a href='?page_no=37000'>37000<\/a><\/li>\n\n    \n\t\n\n<li >\n\t<a href='?page_no=14295'>Next<\/a>\n\t<\/li>\n\n\n    \n\n<li><a href='?page_no=37000'>Last &rsaquo;&rsaquo;<\/a><\/li>\n\n<\/ul>\n\n\n--><br \/>\n<\/body><\/p>\n","protected":false},"excerpt":{"rendered":"<p>La Romana, RD, 20 de octubre.- El ingeniero Tem\u00edstocles Mont\u00e1s pidi\u00f3 a las bases del Partido de la Liberaci\u00f3n Dominicana (PLD) que no se dejen enga\u00f1ar por dirigentes que se consideran los \u00fanicos que pueden gobernar y llam\u00f3 a continuar renovando las esperanzas del pa\u00eds con un candidato nuevo que represente el futuro. \u00abNo se [&hellip;]<\/p>\n","protected":false},"author":3,"featured_media":0,"comment_status":"open","ping_status":"open","sticky":false,"template":"","format":"standard","meta":{"footnotes":""},"categories":[22],"tags":[],"class_list":["post-161827","post","type-post","status-publish","format-standard","hentry","category-politica"],"_links":{"self":[{"href":"https:\/\/diariodominicano.com\/index.php?rest_route=\/wp\/v2\/posts\/161827","targetHints":{"allow":["GET"]}}],"collection":[{"href":"https:\/\/diariodominicano.com\/index.php?rest_route=\/wp\/v2\/posts"}],"about":[{"href":"https:\/\/diariodominicano.com\/index.php?rest_route=\/wp\/v2\/types\/post"}],"author":[{"embeddable":true,"href":"https:\/\/diariodominicano.com\/index.php?rest_route=\/wp\/v2\/users\/3"}],"replies":[{"embeddable":true,"href":"https:\/\/diariodominicano.com\/index.php?rest_route=%2Fwp%2Fv2%2Fcomments&post=161827"}],"version-history":[{"count":0,"href":"https:\/\/diariodominicano.com\/index.php?rest_route=\/wp\/v2\/posts\/161827\/revisions"}],"wp:attachment":[{"href":"https:\/\/diariodominicano.com\/index.php?rest_route=%2Fwp%2Fv2%2Fmedia&parent=161827"}],"wp:term":[{"taxonomy":"category","embeddable":true,"href":"https:\/\/diariodominicano.com\/index.php?rest_route=%2Fwp%2Fv2%2Fcategories&post=161827"},{"taxonomy":"post_tag","embeddable":true,"href":"https:\/\/diariodominicano.com\/index.php?rest_route=%2Fwp%2Fv2%2Ftags&post=161827"}],"curies":[{"name":"wp","href":"https:\/\/api.w.org\/{rel}","templated":true}]}}