{"id":161826,"date":"2014-10-20T19:39:10","date_gmt":"2014-10-20T19:39:10","guid":{"rendered":"http:\/\/diariodominicano.ddns.net\/?p=161826"},"modified":"2014-10-20T19:39:10","modified_gmt":"2014-10-20T19:39:10","slug":"lanzan-en-ny-primer-movimiento-de-eeuu-en-apoyo-a-la-reeleccion-de-danilo","status":"publish","type":"post","link":"https:\/\/diariodominicano.com\/?p=161826","title":{"rendered":"&#13;&#13;Lanzan en NY primer movimiento de EEUU en apoyo a la reelecci\u00f3n de Danilo"},"content":{"rendered":"<p><body><\/p>\n<p><img decoding=\"async\" src=\"img3\/grupodanilo.jpg\" \/>  <\/p>\n<\/p>\n<\/p>\n<p><span class=\"text1noticias\">Nueva York, EEUU, 20 de octubre ._ Fue lanzado aqu\u00ed la noche de ayer s\u00e1bado, el primer movimiento de los Estados Unidos en apoyo a la reelecci\u00f3n del presidente Danilo Medina en las elecciones generales del 15 de mayo del 2016.<\/span><\/p>\n<\/p>\n<p><span class=\"text1noticias\">\u00abFuerza Patri\u00f3tica Liberal\u00bb (FUPAL), se suma a las voces que propagan la repostulaci\u00f3n del mandatario con el lema \u00abHonestidad, Institucionalidad, Moralidad\u00bb y sus principales dirigentes, entre ellos, dos fundadores del PLD, expusieron la necesidad de que Medina, se mantenga cuatro a\u00f1os m\u00e1s en el poder.<\/span><\/p>\n<\/p>\n<p><span class=\"text1noticias\">Los presentes, que se congregaron en un sal\u00f3n de actos del edificio 501 Oeste de la calle 145 en el Alto Manhattan, vociferaban a todo pulm\u00f3n las consignas \u00abDanilo 4 a\u00f1os m\u00e1s\u00bb y \u00abEl pueblo lo pide, Danilo sigue\u00bb.<\/span><\/p>\n<\/p>\n<p><span class=\"text1noticias\">El acto fue abierto por el dirigente Osiris L\u00f3pez, vocero del movimiento y ex pre candidato a diputado en ultramar, ponderando el respaldo con el que nace el movimiento.<\/span><\/p>\n<\/p>\n<p><span class=\"text1noticias\">Dijo que aunque se ha comenzado con humildad, se espera que en el transcurso de los pr\u00f3ximos mese, se convierta en una oleada indetenible a favor de la reelecci\u00f3n de Danilo en el exterior y la Rep\u00fablica Dominicana, donde ya opera en las ciudades de Santo Domingo, Moca y Cotu\u00ed, dirigido all\u00ed por Orlando Jaquez, Albania Rodr\u00edguez, Jos\u00e9 M. Rodr\u00edguez y Jos\u00e9 Luis Vega, respectivamente.<\/span><\/p>\n<\/p>\n<p><span class=\"text1noticias\">El presidente de FUPAL, David S\u00e1nchez, dijo que el movimiento surge por la necesidad de tratar de hacer una fuerza, en respaldo a la reelecci\u00f3n de Danilo.<\/span><\/p>\n<\/p>\n<p><span class=\"text1noticias\">\u00abVemos que el pa\u00eds est\u00e1 avanzando con el compa\u00f1ero Danilo y por ello, es que entendemos que cuatro a\u00f1os son muy pocos para un buen gobierno. Con este movimiento, queremos que el partido y Danilo se mantengan\u00bb, agreg\u00f3 S\u00e1nchez.<\/span><\/p>\n<\/p>\n<p><span class=\"text1noticias\">Pedro L\u00f3pez, secretario general, hizo un resumen desde el gobierno de Pedro Santana, hasta los de Leonel Fern\u00e1ndez, diciendo que en el pa\u00eds se ha establecido una forma de gobernar que no es la m\u00e1s adecuada para los pobres.<\/span><\/p>\n<\/p>\n<p><span class=\"text1noticias\">Se\u00f1al\u00f3 que desde el primer presidente, hasta los gobiernos de Leonel, ning\u00fan presidente hab\u00eda hecho, lo que est\u00e1 haciendo Danilo desde el Palacio Nacional.<\/span><\/p>\n<\/p>\n<p><span class=\"text1noticias\">\u00abEl negocio y el clientelismo dentro del gobierno es muy preocupante. En el pa\u00eds, hay muchos profesionales que hacen una carrera para ganar $30.000 pesos, mientras muchos, que no tienen t\u00edtulos, ganan cientos de miles\u00bb, a\u00f1adi\u00f3 L\u00f3pez.<\/span><\/p>\n<\/p>\n<p><span class=\"text1noticias\">\u00abDanilo, est\u00e1 reforzando el legado de Juan Bosch y estamos seguros que Medina ha hecho mucho m\u00e1s que cualquier otro presidente, en s\u00f3lo dos a\u00f1os y dos meses\u00bb, se\u00f1al\u00f3.<\/span><\/p>\n<\/p>\n<p><span class=\"text1noticias\">\u00abEso quiere decir que debemos de hacer lo imposible para mantener a Danilo, cuatro a\u00f1os m\u00e1s. Debe terminar de hacer lo que nunca se ha hecho\u00bb, termin\u00f3 diciendo L\u00f3pez.<\/span><\/p>\n<\/p>\n<p><span class=\"text1noticias\">Tambi\u00e9n hablaron los dirigentes Victoriano Francisco (secretario de organizaci\u00f3n), Jos\u00e9 Acevedo, de finanzas, Javier Pe\u00f1a en El Bronx, Fredy P\u00e9rez en prensa, Julio Medina (Papito), asesor, Miguelina N\u00fa\u00f1ez, encargada de la mujer y Santos Acevedo en asuntos comunitarios.<\/span><\/p>\n<\/p>\n<p><span class=\"text1noticias\">Todos, coincidieron en llamar al pa\u00eds y a los dominicanos en el exterior a integrarse masivamente al movimiento FUPAL para garantizar un trabajo arduo en procura de que Danilo, se mantenga en el Palacio Nacional, m\u00e1s all\u00e1 del 2016.<\/span><\/p>\n<h6> 2014-10-20 19:39:10 <\/h6>\n<p><!--\n<link rel=\"stylesheet\" href=\"css\/bootstrap.min.css\">\n\n\n<ul class=\"pagination\">\n\t    \n\t\n\n<li >\n\t<a href='?page_no=14292'>Previous<\/a>\n\t<\/li>\n\n\n       \n    \n\n<li><a href='?page_no=1'>1<\/a><\/li>\n\n\n\n<li><a href='?page_no=2'>2<\/a><\/li>\n\n\n\n<li><a>...<\/a><\/li>\n\n\n\n<li><a href='?page_no=14291'>14291<\/a><\/li>\n\n\n\n<li><a href='?page_no=14292'>14292<\/a><\/li>\n\n\n\n<li class='active'><a>14293<\/a><\/li>\n\n\n\n<li><a href='?page_no=14294'>14294<\/a><\/li>\n\n\n\n<li><a href='?page_no=14295'>14295<\/a><\/li>\n\n\n\n<li><a>...<\/a><\/li>\n\n\n\n<li><a href='?page_no=36999'>36999<\/a><\/li>\n\n\n\n<li><a href='?page_no=37000'>37000<\/a><\/li>\n\n    \n\t\n\n<li >\n\t<a href='?page_no=14294'>Next<\/a>\n\t<\/li>\n\n\n    \n\n<li><a href='?page_no=37000'>Last &rsaquo;&rsaquo;<\/a><\/li>\n\n<\/ul>\n\n\n--><br \/>\n<\/body><\/p>\n","protected":false},"excerpt":{"rendered":"<p>Nueva York, EEUU, 20 de octubre ._ Fue lanzado aqu\u00ed la noche de ayer s\u00e1bado, el primer movimiento de los Estados Unidos en apoyo a la reelecci\u00f3n del presidente Danilo Medina en las elecciones generales del 15 de mayo del 2016. \u00abFuerza Patri\u00f3tica Liberal\u00bb (FUPAL), se suma a las voces que propagan la repostulaci\u00f3n del [&hellip;]<\/p>\n","protected":false},"author":3,"featured_media":0,"comment_status":"open","ping_status":"open","sticky":false,"template":"","format":"standard","meta":{"footnotes":""},"categories":[22],"tags":[],"class_list":["post-161826","post","type-post","status-publish","format-standard","hentry","category-politica"],"_links":{"self":[{"href":"https:\/\/diariodominicano.com\/index.php?rest_route=\/wp\/v2\/posts\/161826","targetHints":{"allow":["GET"]}}],"collection":[{"href":"https:\/\/diariodominicano.com\/index.php?rest_route=\/wp\/v2\/posts"}],"about":[{"href":"https:\/\/diariodominicano.com\/index.php?rest_route=\/wp\/v2\/types\/post"}],"author":[{"embeddable":true,"href":"https:\/\/diariodominicano.com\/index.php?rest_route=\/wp\/v2\/users\/3"}],"replies":[{"embeddable":true,"href":"https:\/\/diariodominicano.com\/index.php?rest_route=%2Fwp%2Fv2%2Fcomments&post=161826"}],"version-history":[{"count":0,"href":"https:\/\/diariodominicano.com\/index.php?rest_route=\/wp\/v2\/posts\/161826\/revisions"}],"wp:attachment":[{"href":"https:\/\/diariodominicano.com\/index.php?rest_route=%2Fwp%2Fv2%2Fmedia&parent=161826"}],"wp:term":[{"taxonomy":"category","embeddable":true,"href":"https:\/\/diariodominicano.com\/index.php?rest_route=%2Fwp%2Fv2%2Fcategories&post=161826"},{"taxonomy":"post_tag","embeddable":true,"href":"https:\/\/diariodominicano.com\/index.php?rest_route=%2Fwp%2Fv2%2Ftags&post=161826"}],"curies":[{"name":"wp","href":"https:\/\/api.w.org\/{rel}","templated":true}]}}