{"id":161825,"date":"2014-10-20T21:08:13","date_gmt":"2014-10-20T21:08:13","guid":{"rendered":"http:\/\/diariodominicano.ddns.net\/?p=161825"},"modified":"2014-10-20T21:08:13","modified_gmt":"2014-10-20T21:08:13","slug":"pc-ve-favorable-acuerdo-entre-felix-bautista-jaime-aristy-escuder-y-juan-alejandro-ayuso","status":"publish","type":"post","link":"https:\/\/diariodominicano.com\/?p=161825","title":{"rendered":"&#13;PC ve favorable acuerdo  entre F\u00e9lix Bautista, Jaime Aristy Escuder y Juan Alejandro Ayuso"},"content":{"rendered":"<p><body><\/p>\n<p><img decoding=\"async\" src=\"img3\/politicos.jpg\" \/>  <\/p>\n<p><span class=\"text1noticias\">Santo Domingo, RD, 20 de Octubre.-La coordinadora general de Participaci\u00f3n Ciudadana, Sonia D\u00edaz Inoa calific\u00f3 como favorable el acuerdo arribado entre el senador F\u00e9lix Bautista, el escritor Juan Alejandro Ayuso y el economista Jaime Aristy Escuder, tras las acusaciones que hab\u00edan vertido estos dos \u00faltimos sobre los supuestos fondos que el legislador habr\u00eda sustra\u00eddo en el caso de la Sund Land. <\/span><\/p>\n<\/p>\n<p><span class=\"text1noticias\">Dijo que la mejor decisi\u00f3n fue retractarse y terminar con la litis que llevaban en una corte de Miami, porque si segu\u00edan de igual manera iban a lograr conciliar, o en su defecto el caso terminar\u00eda con un acuerdo sin pago porque no incurrieron en ninguna responsabilidad.<\/span><\/p>\n<\/p>\n<p><span class=\"text1noticias\">Entrevistada en el programa Toque Final, que cada domingo produce y conduce el periodista Julio Mart\u00ednez Pozo por Antena Latina, canal 7, D\u00edaz Inoa explic\u00f3 que \u00abesa acci\u00f3n la veo muy bien porque un demandado al que le quitan un pleito de encima, que no tiene que defenderse, ya de por s\u00ed tiene la lucha ganada\u00bb. <\/span><\/p>\n<\/p>\n<p><strong><span class=\"text1noticias\">\u00abEl Barrilito\u00bb<\/span><\/strong><\/p>\n<\/p>\n<p><span class=\"text1noticias\">Por otro lado, la coordinadora general del movimiento c\u00edvico no partidista consider\u00f3 que   \u00abel barrilito\u00bb  (fondos de gesti\u00f3n social) nunca debi\u00f3 existir porque la Constituci\u00f3n de la Rep\u00fablica es clara y establece los reglamentos internos de las c\u00e1maras legislativas y  las funciones de cada uno de los senadores y diputados que integran ambas c\u00e1maras.<\/span><\/p>\n<\/p>\n<p><span class=\"text1noticias\">Indic\u00f3 que esas funciones no son para encargarse de repartir ayudas sociales, sino para fiscalizar y legislar. \u00abEl barrilito est\u00e1 compuesto por fondos que son utilizados al margen de la Constituci\u00f3n\u00bb, precis\u00f3.<\/span><\/p>\n<\/p>\n<p><span class=\"text1noticias\">En ese sentido, felicit\u00f3 al presidente de la C\u00e1mara de Diputados, Abel Mart\u00ednez, por la decisi\u00f3n de eliminar ese fondo, cuyo monto aproximado era de 100 millones de pesos.<\/span><\/p>\n<p><span class=\"text1noticias\">Asimismo, inst\u00f3 a los senadores a imitar la acci\u00f3n de los diputados eliminando tambi\u00e9n su \u00abbarrilito\u00bb, y  entregar ese dinero, que ellos saben que no les corresponde, a algunos ministerios que s\u00ed  lo necesitan.<\/span><\/p>\n<\/p>\n<p><strong><span class=\"text1noticias\">Lucha contra la corrupci\u00f3n ha sido un desastre en RD <\/span><\/strong><\/p>\n<\/p>\n<p><span class=\"text1noticias\">D\u00edaz Inoa afirm\u00f3 adem\u00e1s, que la lucha anticorrupci\u00f3n en la Republica Dominicana ha sido un desastre,  \u00abvemos que hay muchos corruptos del pa\u00eds que se han hecho ricos bajo la sombra del Estado, personas que conocimos antes de tener un cargo p\u00fablico, y sab\u00edamos de sus condiciones econ\u00f3micas, y en poco tiempo se ven disfrutando de grandes bonanzas   y nadie les ha preguntado de donde sacaron esa fortuna\u00bb.  <\/span><\/p>\n<\/p>\n<p><span class=\"text1noticias\">Inform\u00f3 que Participaci\u00f3n Ciudadana public\u00f3 este a\u00f1o el libro \u00abCorrupci\u00f3n sin castigo\u00bb en el que se recogen 44 casos de corrupci\u00f3n que no llegaron a ning\u00fan t\u00e9rmino, y nadie ha pagado ning\u00fan castigo por los mismos.<\/span><\/p>\n<\/p>\n<p><span class=\"text1noticias\">Sin embargo, dijo que hay signos alentadores, entre los que se encuentra la creaci\u00f3n de la Ley de Patrimonio P\u00fablico, que establece que los funcionarios tendr\u00e1n que hacer una declaraci\u00f3n jurada de bienes, y se les fiscalizar\u00e1n los recursos que ten\u00edan cuando empezaron a ocupar el cargo y los que tienen al finalizar, y luego ser\u00e1n investigados.(HG)<\/span>.<\/p>\n<h6> 2014-10-20 21:08:13 <\/h6>\n<p><!--\n<link rel=\"stylesheet\" href=\"css\/bootstrap.min.css\">\n\n\n<ul class=\"pagination\">\n\t    \n\t\n\n<li >\n\t<a href='?page_no=14291'>Previous<\/a>\n\t<\/li>\n\n\n       \n    \n\n<li><a href='?page_no=1'>1<\/a><\/li>\n\n\n\n<li><a href='?page_no=2'>2<\/a><\/li>\n\n\n\n<li><a>...<\/a><\/li>\n\n\n\n<li><a href='?page_no=14290'>14290<\/a><\/li>\n\n\n\n<li><a href='?page_no=14291'>14291<\/a><\/li>\n\n\n\n<li class='active'><a>14292<\/a><\/li>\n\n\n\n<li><a href='?page_no=14293'>14293<\/a><\/li>\n\n\n\n<li><a href='?page_no=14294'>14294<\/a><\/li>\n\n\n\n<li><a>...<\/a><\/li>\n\n\n\n<li><a href='?page_no=36999'>36999<\/a><\/li>\n\n\n\n<li><a href='?page_no=37000'>37000<\/a><\/li>\n\n    \n\t\n\n<li >\n\t<a href='?page_no=14293'>Next<\/a>\n\t<\/li>\n\n\n    \n\n<li><a href='?page_no=37000'>Last &rsaquo;&rsaquo;<\/a><\/li>\n\n<\/ul>\n\n\n--><br \/>\n<\/body><\/p>\n","protected":false},"excerpt":{"rendered":"<p>Santo Domingo, RD, 20 de Octubre.-La coordinadora general de Participaci\u00f3n Ciudadana, Sonia D\u00edaz Inoa calific\u00f3 como favorable el acuerdo arribado entre el senador F\u00e9lix Bautista, el escritor Juan Alejandro Ayuso y el economista Jaime Aristy Escuder, tras las acusaciones que hab\u00edan vertido estos dos \u00faltimos sobre los supuestos fondos que el legislador habr\u00eda sustra\u00eddo en [&hellip;]<\/p>\n","protected":false},"author":3,"featured_media":0,"comment_status":"open","ping_status":"open","sticky":false,"template":"","format":"standard","meta":{"footnotes":""},"categories":[22],"tags":[],"class_list":["post-161825","post","type-post","status-publish","format-standard","hentry","category-politica"],"_links":{"self":[{"href":"https:\/\/diariodominicano.com\/index.php?rest_route=\/wp\/v2\/posts\/161825","targetHints":{"allow":["GET"]}}],"collection":[{"href":"https:\/\/diariodominicano.com\/index.php?rest_route=\/wp\/v2\/posts"}],"about":[{"href":"https:\/\/diariodominicano.com\/index.php?rest_route=\/wp\/v2\/types\/post"}],"author":[{"embeddable":true,"href":"https:\/\/diariodominicano.com\/index.php?rest_route=\/wp\/v2\/users\/3"}],"replies":[{"embeddable":true,"href":"https:\/\/diariodominicano.com\/index.php?rest_route=%2Fwp%2Fv2%2Fcomments&post=161825"}],"version-history":[{"count":0,"href":"https:\/\/diariodominicano.com\/index.php?rest_route=\/wp\/v2\/posts\/161825\/revisions"}],"wp:attachment":[{"href":"https:\/\/diariodominicano.com\/index.php?rest_route=%2Fwp%2Fv2%2Fmedia&parent=161825"}],"wp:term":[{"taxonomy":"category","embeddable":true,"href":"https:\/\/diariodominicano.com\/index.php?rest_route=%2Fwp%2Fv2%2Fcategories&post=161825"},{"taxonomy":"post_tag","embeddable":true,"href":"https:\/\/diariodominicano.com\/index.php?rest_route=%2Fwp%2Fv2%2Ftags&post=161825"}],"curies":[{"name":"wp","href":"https:\/\/api.w.org\/{rel}","templated":true}]}}