{"id":161824,"date":"2014-10-21T18:11:38","date_gmt":"2014-10-21T18:11:38","guid":{"rendered":"http:\/\/diariodominicano.ddns.net\/?p=161824"},"modified":"2014-10-21T18:11:38","modified_gmt":"2014-10-21T18:11:38","slug":"montas-llama-a-reelegir-el-estilo-de-danilo-en-un-presidente-que-represente-lo-nuevo","status":"publish","type":"post","link":"https:\/\/diariodominicano.com\/?p=161824","title":{"rendered":"&#13;Mont\u00e1s llama a reelegir el estilo de Danilo en un presidente que represente lo nuevo&#13;"},"content":{"rendered":"<p><body><\/p>\n<p><img decoding=\"async\" src=\"img3\/montafrente.jpg\" \/><br \/><img decoding=\"async\" src=\"img3\/montasigue.jpg\" \/><br \/><img decoding=\"async\" src=\"img3\/publicomontas.jpg\" \/>  <\/p>\n<p><span class=\"text1noticias\">Hato Mayor, RD, 21 de octubre.- El precandidato presidencial del Partido de la Liberaci\u00f3n Dominicana (PLD), ingeniero Tem\u00edstocles Mont\u00e1s, dijo aqu\u00ed que el pa\u00eds quiere ver la continuidad del estilo de gobierno de Danilo Medina, por lo que a las bases moradas corresponde elegir un candidato nuevo, pero que encarne el pensamiento y la moral del actual gobernante.<\/span><\/p>\n<\/p>\n<p><span class=\"text1noticias\">Al encabezar un acto multitudinario en esta localidad a donde lleg\u00f3 despu\u00e9s de haber visitado Hig\u00fcey y El Seybo, Mont\u00e1s afirm\u00f3 que busca la candidatura del PLD porque el presiente Medina no se puede presentar en 2016 porque la Constituci\u00f3n lo proh\u00edbe y porque es un hombre de palabra, pero \u00ab\u00e9l y el pa\u00eds pueden estar seguros que el gobierno que encabezar\u00e9 seguir\u00e1 por la nueva ruta democr\u00e1tica, sencilla, conectada con pueblo y sin aspavientos, para enfrentar los problemas nacionales con firmeza y con honradez\u00bb.<\/span><\/p>\n<\/p>\n<p><span class=\"text1noticias\">Mont\u00e1s habl\u00f3 en Hato Mayor luego de encabezar actos masivos en Hig\u00fcey y El Seibo, donde le acompa\u00f1aron importantes dirigentes del partido morado que le manifestaron su apoyo para que gane las primarias internas el pr\u00f3ximo a\u00f1o.<\/span><\/p>\n<\/p>\n<p><span class=\"text1noticias\">Uno de los que intervino con un discurso fue Johnny Fulgencio, alcalde del municipio de Consuelo, quien pidi\u00f3 a las bases del PLD apoyar a Mont\u00e1s porque  \u00abTemo ha sido un hombre que ha pasado por importantes cargos dentro del gobierno y nadie lo puede se\u00f1alar por un solo caso de corrupci\u00f3n\u00bb.<\/span><\/p>\n<\/p>\n<p><span class=\"text1noticias\">En medio del entusiasmo de los concurrentes, Mont\u00e1s grit\u00f3 en El Seibo: \u00abCon Danilo en la Presidencia de la Rep\u00fablica, le abrimos las puertas al futuro. Nadie nos venga con la pesadilla de volver al pasado. El PLD est\u00e1 lleno de gente nueva y buena. Danilo lo est\u00e1 probando haciendo el gobierno m\u00e1s popular de la historia y el m\u00e1s apreciado de Am\u00e9rica Latina. Lo nuevo es cada vez mejor y el pasado no tiene nada que buscar en el futuro\u00bb.<\/span><\/p>\n<\/p>\n<p><span class=\"text1noticias\">Mont\u00e1s expres\u00f3 que desde que acept\u00f3 el pedido de miles de simpatizantes y dirigentes del PLD para que buscara la candidatura presidencial en 2016, \u00abno he hecho otra cosa que prepararme para abrirle las puertas al futuro de la Rep\u00fablica Dominicana, dejando definitivamente atr\u00e1s todo lo que signifique pasado, atraso y mesianismo\u00bb. <\/span><\/p>\n<\/p>\n<p><span class=\"text1noticias\">\u00abLo que quiere mi pueblo y queremos los dirigentes del PLD que nos abanderamos con la alternabilidad democr\u00e1tica es un nuevo Presidente al estilo de Danilo Medina, no como los presidentes del pasado, y en ese espacio soy quien m\u00e1s se parece al compa\u00f1ero Danilo, quien lo acompa\u00f1a en el gobierno exitoso que realiza y quien lo sustituir\u00e1 sin traumas ni sobresaltos en la silla presidencial\u00bb, manifest\u00f3 el alto dirigente pelede\u00edsta.<\/span><\/p>\n<\/p>\n<p><span class=\"text1noticias\">Mont\u00e1s consider\u00f3 que las bases del partido morado le hacen \u00abun gran servicio al pa\u00eds y al PLD si logramos que se siga alternando el ejercicio del poder. Que nadie se crea due\u00f1o del PLD, porque este partido lo fundo Juan Bosch para servir al pueblo, no para que alguien crea que puedo utilizarlo para servirse del pueblo\u00bb. <\/span><\/p>\n<\/p>\n<p><span class=\"text1noticias\">\u00abEl pasado no tiene nada nuevo que proponer. Danilo sepult\u00f3 el pasado y nadie podr\u00e1 detener la marcha adelante de un pueblo que no quiere volver al caudillismo, al elitismo, sino que quiere nuevos presidentes que aterricen sobre los problemas cotidianos de los m\u00e1s pobres\u00bb, expres\u00f3 el l\u00edder pelede\u00edsta.<\/span><\/p>\n<\/p>\n<p><span class=\"text1noticias\">Mont\u00e1s reiter\u00f3 que quiere el voto de las bases del PLD para ser su candidato y juntos \u00abaferrarnos a la lucha por la libertad, la justicia social, la decencia y el buen gobierno. Totalmente libre de corrupci\u00f3n y si alguien se equivoca, no tendr\u00e1 otro espacio que la c\u00e1rcel\u00bb.<\/span><\/p>\n<\/p>\n<p><span class=\"text1noticias\">En el curso del recorrido Mont\u00e1s estuvo acompa\u00f1ado de su hermano, Rub\u00e9n Mont\u00e1s, Vicesecretario general del PLD; Inocencio Garc\u00eda, coordinador en la regi\u00f3n Este de su proyecto presidencial y Giovanny Leyba, dirigente empresarial.<\/span><\/p>\n<\/p>\n<p><span class=\"text1noticias\">Dirigentes pelede\u00edstas en las ciudades visitadas ofrecieron su respaldo a Mont\u00e1s, entre ellos el doctor Manuel \u00c1vila, coordinador en la provincia Altagracia y Joan Veras, Coordinador en El Seybo.<\/span><\/p>\n<h6> 2014-10-21 18:11:38 <\/h6>\n<p><!--\n<link rel=\"stylesheet\" href=\"css\/bootstrap.min.css\">\n\n\n<ul class=\"pagination\">\n\t    \n\t\n\n<li >\n\t<a href='?page_no=14290'>Previous<\/a>\n\t<\/li>\n\n\n       \n    \n\n<li><a href='?page_no=1'>1<\/a><\/li>\n\n\n\n<li><a href='?page_no=2'>2<\/a><\/li>\n\n\n\n<li><a>...<\/a><\/li>\n\n\n\n<li><a href='?page_no=14289'>14289<\/a><\/li>\n\n\n\n<li><a href='?page_no=14290'>14290<\/a><\/li>\n\n\n\n<li class='active'><a>14291<\/a><\/li>\n\n\n\n<li><a href='?page_no=14292'>14292<\/a><\/li>\n\n\n\n<li><a href='?page_no=14293'>14293<\/a><\/li>\n\n\n\n<li><a>...<\/a><\/li>\n\n\n\n<li><a href='?page_no=36999'>36999<\/a><\/li>\n\n\n\n<li><a href='?page_no=37000'>37000<\/a><\/li>\n\n    \n\t\n\n<li >\n\t<a href='?page_no=14292'>Next<\/a>\n\t<\/li>\n\n\n    \n\n<li><a href='?page_no=37000'>Last &rsaquo;&rsaquo;<\/a><\/li>\n\n<\/ul>\n\n\n--><br \/>\n<\/body><\/p>\n","protected":false},"excerpt":{"rendered":"<p>Hato Mayor, RD, 21 de octubre.- El precandidato presidencial del Partido de la Liberaci\u00f3n Dominicana (PLD), ingeniero Tem\u00edstocles Mont\u00e1s, dijo aqu\u00ed que el pa\u00eds quiere ver la continuidad del estilo de gobierno de Danilo Medina, por lo que a las bases moradas corresponde elegir un candidato nuevo, pero que encarne el pensamiento y la moral [&hellip;]<\/p>\n","protected":false},"author":3,"featured_media":0,"comment_status":"open","ping_status":"open","sticky":false,"template":"","format":"standard","meta":{"footnotes":""},"categories":[22],"tags":[],"class_list":["post-161824","post","type-post","status-publish","format-standard","hentry","category-politica"],"_links":{"self":[{"href":"https:\/\/diariodominicano.com\/index.php?rest_route=\/wp\/v2\/posts\/161824","targetHints":{"allow":["GET"]}}],"collection":[{"href":"https:\/\/diariodominicano.com\/index.php?rest_route=\/wp\/v2\/posts"}],"about":[{"href":"https:\/\/diariodominicano.com\/index.php?rest_route=\/wp\/v2\/types\/post"}],"author":[{"embeddable":true,"href":"https:\/\/diariodominicano.com\/index.php?rest_route=\/wp\/v2\/users\/3"}],"replies":[{"embeddable":true,"href":"https:\/\/diariodominicano.com\/index.php?rest_route=%2Fwp%2Fv2%2Fcomments&post=161824"}],"version-history":[{"count":0,"href":"https:\/\/diariodominicano.com\/index.php?rest_route=\/wp\/v2\/posts\/161824\/revisions"}],"wp:attachment":[{"href":"https:\/\/diariodominicano.com\/index.php?rest_route=%2Fwp%2Fv2%2Fmedia&parent=161824"}],"wp:term":[{"taxonomy":"category","embeddable":true,"href":"https:\/\/diariodominicano.com\/index.php?rest_route=%2Fwp%2Fv2%2Fcategories&post=161824"},{"taxonomy":"post_tag","embeddable":true,"href":"https:\/\/diariodominicano.com\/index.php?rest_route=%2Fwp%2Fv2%2Ftags&post=161824"}],"curies":[{"name":"wp","href":"https:\/\/api.w.org\/{rel}","templated":true}]}}