{"id":161823,"date":"2014-10-21T18:19:50","date_gmt":"2014-10-21T18:19:50","guid":{"rendered":"http:\/\/diariodominicano.ddns.net\/?p=161823"},"modified":"2014-10-21T18:19:50","modified_gmt":"2014-10-21T18:19:50","slug":"movimiento-sector-externo-realiza-recorrido-en-spm","status":"publish","type":"post","link":"https:\/\/diariodominicano.com\/?p=161823","title":{"rendered":"&#13;&#13;&#13;Movimiento Sector Externo realiza recorrido en SPM."},"content":{"rendered":"<p><body><\/p>\n<p><img decoding=\"async\" src=\"img3\/leonel.jpg\" \/>  <\/p>\n<p><span class=\"text1noticias\"> <\/span><\/p>\n<p><span class=\"text1noticias\">San Pedro de Macor\u00eds, R.D, 21 de octubre.-  El movimiento Sector Externo con Leonel, realiz\u00f3 un recorrido por la provincia de San Pedro de Macor\u00eds donde el Coordinador  General, Lu\u00eds Toral C\u00f3rdoba,  jurament\u00f3 el equipo que trabajar\u00e1 para que el Dr. Leonel Fern\u00e1ndez sea nuevamente  Presidente de la Rep\u00fablica en las elecciones presidenciales del 2016.<\/span><\/p>\n<p><span class=\"text1noticias\"> <\/span><\/p>\n<p><span class=\"text1noticias\">En la actividad donde recibi\u00f3 el apoyo de cientos de personas, se uni\u00f3 a las filas del movimiento el reconocido dirigente perredeista, Ra\u00fal Montero, as\u00ed como los coordinadores Pedro Marcelino, Bartolo Gil Melo y Jeison Javier Guzm\u00e1n.<\/span><\/p>\n<p><span class=\"text1noticias\"> <\/span><\/p>\n<p><span class=\"text1noticias\">Adem\u00e1s sostuvo varias reuniones con el sector empresarial, religioso y profesional de la referida provincia los cuales apoyan y piden la candidatura del ex mandatario.<\/span><\/p>\n<p><span class=\"text1noticias\"> <\/span><\/p>\n<p><span class=\"text1noticias\">Dentro del recorrido, Toral C\u00f3rdoba, concedi\u00f3 una entrevista al programa ONG y M\u00e1s, en la que asegur\u00f3 la victoria aplastante del presidente Fern\u00e1ndez con m\u00e1s de un 60% en primera vuelta en las pr\u00f3ximas elecciones presidenciales.<\/span><\/p>\n<p><span class=\"text1noticias\"> <\/span><\/p>\n<p><span class=\"text1noticias\">Toral C\u00f3rdoba estuvo acompa\u00f1ado por el Lic. Yeltsin Lu\u00eds Sosa, Coordinador Nacional de la Juventud y la Dra. Gloria Decena, Coordinadora Nacional de la Mujer, as\u00ed como una comisi\u00f3n de dirigentes distritales y municipales<\/span><\/p>\n<h6> 2014-10-21 18:19:50 <\/h6>\n<p><!--\n<link rel=\"stylesheet\" href=\"css\/bootstrap.min.css\">\n\n\n<ul class=\"pagination\">\n\t    \n\t\n\n<li >\n\t<a href='?page_no=14289'>Previous<\/a>\n\t<\/li>\n\n\n       \n    \n\n<li><a href='?page_no=1'>1<\/a><\/li>\n\n\n\n<li><a href='?page_no=2'>2<\/a><\/li>\n\n\n\n<li><a>...<\/a><\/li>\n\n\n\n<li><a href='?page_no=14288'>14288<\/a><\/li>\n\n\n\n<li><a href='?page_no=14289'>14289<\/a><\/li>\n\n\n\n<li class='active'><a>14290<\/a><\/li>\n\n\n\n<li><a href='?page_no=14291'>14291<\/a><\/li>\n\n\n\n<li><a href='?page_no=14292'>14292<\/a><\/li>\n\n\n\n<li><a>...<\/a><\/li>\n\n\n\n<li><a href='?page_no=36999'>36999<\/a><\/li>\n\n\n\n<li><a href='?page_no=37000'>37000<\/a><\/li>\n\n    \n\t\n\n<li >\n\t<a href='?page_no=14291'>Next<\/a>\n\t<\/li>\n\n\n    \n\n<li><a href='?page_no=37000'>Last &rsaquo;&rsaquo;<\/a><\/li>\n\n<\/ul>\n\n\n--><br \/>\n<\/body><\/p>\n","protected":false},"excerpt":{"rendered":"<p>San Pedro de Macor\u00eds, R.D, 21 de octubre.- El movimiento Sector Externo con Leonel, realiz\u00f3 un recorrido por la provincia de San Pedro de Macor\u00eds donde el Coordinador General, Lu\u00eds Toral C\u00f3rdoba, jurament\u00f3 el equipo que trabajar\u00e1 para que el Dr. Leonel Fern\u00e1ndez sea nuevamente Presidente de la Rep\u00fablica en las elecciones presidenciales del 2016. [&hellip;]<\/p>\n","protected":false},"author":3,"featured_media":0,"comment_status":"open","ping_status":"open","sticky":false,"template":"","format":"standard","meta":{"footnotes":""},"categories":[22],"tags":[],"class_list":["post-161823","post","type-post","status-publish","format-standard","hentry","category-politica"],"_links":{"self":[{"href":"https:\/\/diariodominicano.com\/index.php?rest_route=\/wp\/v2\/posts\/161823","targetHints":{"allow":["GET"]}}],"collection":[{"href":"https:\/\/diariodominicano.com\/index.php?rest_route=\/wp\/v2\/posts"}],"about":[{"href":"https:\/\/diariodominicano.com\/index.php?rest_route=\/wp\/v2\/types\/post"}],"author":[{"embeddable":true,"href":"https:\/\/diariodominicano.com\/index.php?rest_route=\/wp\/v2\/users\/3"}],"replies":[{"embeddable":true,"href":"https:\/\/diariodominicano.com\/index.php?rest_route=%2Fwp%2Fv2%2Fcomments&post=161823"}],"version-history":[{"count":0,"href":"https:\/\/diariodominicano.com\/index.php?rest_route=\/wp\/v2\/posts\/161823\/revisions"}],"wp:attachment":[{"href":"https:\/\/diariodominicano.com\/index.php?rest_route=%2Fwp%2Fv2%2Fmedia&parent=161823"}],"wp:term":[{"taxonomy":"category","embeddable":true,"href":"https:\/\/diariodominicano.com\/index.php?rest_route=%2Fwp%2Fv2%2Fcategories&post=161823"},{"taxonomy":"post_tag","embeddable":true,"href":"https:\/\/diariodominicano.com\/index.php?rest_route=%2Fwp%2Fv2%2Ftags&post=161823"}],"curies":[{"name":"wp","href":"https:\/\/api.w.org\/{rel}","templated":true}]}}