{"id":161821,"date":"2014-10-21T18:26:43","date_gmt":"2014-10-21T18:26:43","guid":{"rendered":"http:\/\/diariodominicano.ddns.net\/?p=161821"},"modified":"2014-10-21T18:26:43","modified_gmt":"2014-10-21T18:26:43","slug":"francisco-javier-aboga-por-un-pacto-contra-el-desempleo","status":"publish","type":"post","link":"https:\/\/diariodominicano.com\/?p=161821","title":{"rendered":"&#13;Francisco Javier aboga por un pacto contra el desempleo&#13;"},"content":{"rendered":"<p><body><\/p>\n<p><img decoding=\"async\" src=\"img3\/franciscoen constanza.jpg\" \/>  <\/p>\n<\/p>\n<\/p>\n<p>Santo Domingo, RD, 21 de octubre.- Constanza.-El aspirante a la nominaci\u00f3n presidencial por el Partido de la Liberaci\u00f3n Dominicana, Francisco Javier, anunci\u00f3 que dar\u00e1 un golpe en el Coraz\u00f3n de la pobreza a partir de agosto del 2016 cuando asuma la presidencia de la Rep\u00fablica. <\/p>\n<\/p>\n<p>Francisco Javier, dijo  que impulsar\u00e1 un pacto gobierno-sector privado para enfrentar el desempleo.<\/p>\n<\/p>\n<p>\u00abVoy a darle en el coraz\u00f3n a la pobreza que afecta a gran parte del pueblo dominicano; y trabajar\u00e9 con planes puntuales para disminuir el desempleo\u00bb, indic\u00f3 Francisco Javier, quien fue declarado visitante distinguido por el ayuntamiento del distrito municipal La Sabina, en Constanza, durante un acto organizado por el Movimiento Francisco Javier en Primera Vuelta, dirigido por el ingeniero Salvador G\u00f3mez Gil.<\/p>\n<\/p>\n<p>Francisco Javier tambi\u00e9n encabez\u00f3 multitudinario actos en los municipios Constanza y Jarabacoa, en la provincia La Vega, donde fue acompa\u00f1ado por miles de sus seguidores.<\/p>\n<\/p>\n<p>Expres\u00f3 que la pobreza, a partir de la gesti\u00f3n que encabezar\u00e1 despu\u00e9s que el presidente Danilo Medina le entregue la banda presidencial, ser\u00e1 enfrentada con valent\u00eda y decisi\u00f3n.<\/p>\n<\/p>\n<p>\u00abSi la pobreza es un cuco yo no le tengo miedo, y si es un perro la voy a amarrar\u00bb exclam\u00f3 Francisco Javier en medio de aclamaciones y algarab\u00eda de los asistentes al acto pol\u00edtico y el homenaje que le fue tributado.<\/p>\n<\/p>\n<p>El estratega pol\u00edtico recorri\u00f3 las comunidades Tireo, Tireo Abajo, Cazabito, La Sabina y Pinalito, de Constanza, donde visito y se reuni\u00f3 con miembros de la base y dirigentes del PLD, as\u00ed como con otros sectores organizados.<\/p>\n<\/p>\n<p>Tambi\u00e9n recorri\u00f3 las comunidades de Jarabacoa, e insisti\u00f3 en que el PLD para retener el poder necesita un candidato nuevo, y que ese candidato es \u00e9l.<\/p>\n<\/p>\n<p>\u00abLa gente siempre quiere algo nuevo, en la renovaci\u00f3n siempre est\u00e1n los cambios que introducen los gobiernos \u00ab, agreg\u00f3.<\/p>\n<p>Enfatiz\u00f3 que anda buscando la candidatura presidencial porque est\u00e1 seguro de que si la alcanza ser\u00e1 el pr\u00f3ximo presidente de la Rep\u00fablica.<\/p>\n<\/p>\n<p>\u00abLeonel transform\u00f3 el rostro del pa\u00eds, Danilo est\u00e1 transformando el de la gente, y yo transformar\u00e9 el rostro de los peledeistas\u00bb, reiter\u00f3 Francisco Javier.<\/p>\n<h6> 2014-10-21 18:26:43 <\/h6>\n<p><!--\n<link rel=\"stylesheet\" href=\"css\/bootstrap.min.css\">\n\n\n<ul class=\"pagination\">\n\t    \n\t\n\n<li >\n\t<a href='?page_no=14288'>Previous<\/a>\n\t<\/li>\n\n\n       \n    \n\n<li><a href='?page_no=1'>1<\/a><\/li>\n\n\n\n<li><a href='?page_no=2'>2<\/a><\/li>\n\n\n\n<li><a>...<\/a><\/li>\n\n\n\n<li><a href='?page_no=14287'>14287<\/a><\/li>\n\n\n\n<li><a href='?page_no=14288'>14288<\/a><\/li>\n\n\n\n<li class='active'><a>14289<\/a><\/li>\n\n\n\n<li><a href='?page_no=14290'>14290<\/a><\/li>\n\n\n\n<li><a href='?page_no=14291'>14291<\/a><\/li>\n\n\n\n<li><a>...<\/a><\/li>\n\n\n\n<li><a href='?page_no=36999'>36999<\/a><\/li>\n\n\n\n<li><a href='?page_no=37000'>37000<\/a><\/li>\n\n    \n\t\n\n<li >\n\t<a href='?page_no=14290'>Next<\/a>\n\t<\/li>\n\n\n    \n\n<li><a href='?page_no=37000'>Last &rsaquo;&rsaquo;<\/a><\/li>\n\n<\/ul>\n\n\n--><br \/>\n<\/body><\/p>\n","protected":false},"excerpt":{"rendered":"<p>Santo Domingo, RD, 21 de octubre.- Constanza.-El aspirante a la nominaci\u00f3n presidencial por el Partido de la Liberaci\u00f3n Dominicana, Francisco Javier, anunci\u00f3 que dar\u00e1 un golpe en el Coraz\u00f3n de la pobreza a partir de agosto del 2016 cuando asuma la presidencia de la Rep\u00fablica. Francisco Javier, dijo que impulsar\u00e1 un pacto gobierno-sector privado para [&hellip;]<\/p>\n","protected":false},"author":3,"featured_media":0,"comment_status":"open","ping_status":"open","sticky":false,"template":"","format":"standard","meta":{"footnotes":""},"categories":[22],"tags":[],"class_list":["post-161821","post","type-post","status-publish","format-standard","hentry","category-politica"],"_links":{"self":[{"href":"https:\/\/diariodominicano.com\/index.php?rest_route=\/wp\/v2\/posts\/161821","targetHints":{"allow":["GET"]}}],"collection":[{"href":"https:\/\/diariodominicano.com\/index.php?rest_route=\/wp\/v2\/posts"}],"about":[{"href":"https:\/\/diariodominicano.com\/index.php?rest_route=\/wp\/v2\/types\/post"}],"author":[{"embeddable":true,"href":"https:\/\/diariodominicano.com\/index.php?rest_route=\/wp\/v2\/users\/3"}],"replies":[{"embeddable":true,"href":"https:\/\/diariodominicano.com\/index.php?rest_route=%2Fwp%2Fv2%2Fcomments&post=161821"}],"version-history":[{"count":0,"href":"https:\/\/diariodominicano.com\/index.php?rest_route=\/wp\/v2\/posts\/161821\/revisions"}],"wp:attachment":[{"href":"https:\/\/diariodominicano.com\/index.php?rest_route=%2Fwp%2Fv2%2Fmedia&parent=161821"}],"wp:term":[{"taxonomy":"category","embeddable":true,"href":"https:\/\/diariodominicano.com\/index.php?rest_route=%2Fwp%2Fv2%2Fcategories&post=161821"},{"taxonomy":"post_tag","embeddable":true,"href":"https:\/\/diariodominicano.com\/index.php?rest_route=%2Fwp%2Fv2%2Ftags&post=161821"}],"curies":[{"name":"wp","href":"https:\/\/api.w.org\/{rel}","templated":true}]}}