{"id":161819,"date":"2014-10-21T19:23:07","date_gmt":"2014-10-21T19:23:07","guid":{"rendered":"http:\/\/diariodominicano.ddns.net\/?p=161819"},"modified":"2014-10-21T19:23:07","modified_gmt":"2014-10-21T19:23:07","slug":"quique-antun-llama-a-defender-la-nacionalizacion-del-empleo-en-el-pais","status":"publish","type":"post","link":"https:\/\/diariodominicano.com\/?p=161819","title":{"rendered":"Quique Ant\u00fan llama a defender la nacionalizaci\u00f3n del empleo en el pa\u00eds"},"content":{"rendered":"<p><body><\/p>\n<p><img decoding=\"async\" src=\"img3\/santiago.jpg\" \/>  <\/p>\n<p><span class=\"text1noticias\">Santo Domingo, RD, 21 de Octubre.-El presidente del Partido Reformista Social Cristiano (PRSC), ingeniero Federico Ant\u00fan Batlle (Quique), llam\u00f3 a los ciudadanos a defender la nacionalizaci\u00f3n del empleo en la Rep\u00fablica Dominicana.<\/span><\/p>\n<\/p>\n<p><span class=\"text1noticias\">Sostuvo que hay una descontrolada invasi\u00f3n pac\u00edfica de inmigrantes extranjeros que est\u00e1n desplazando la mano de obra dominicana, \u00aby a esta situaci\u00f3n hay que ponerle freno porque ya se est\u00e1 extendiendo por todos los rincones del pa\u00eds\u00bb.<\/span><\/p>\n<\/p>\n<p><span class=\"text1noticias\">\u00abLos dominicanos necesitan empleos para ser productivos y poder ganarse el pan con el sudor de su frente, pero si vienen extranjeros y le quitan la mano de obra, no tienen oportunidades para mejor su calidad de vida\u00bb, expres\u00f3.<\/span><\/p>\n<\/p>\n<p><span class=\"text1noticias\">\u00abAqu\u00ed lo que hace falta, oigan bien, es la nacionalizaci\u00f3n del empleo en la Rep\u00fablica Dominicana\u00bb, dijo en medio de fuertes aplausos.<\/span><\/p>\n<\/p>\n<p><span class=\"text1noticias\">Quique Ant\u00fan habl\u00f3 en esos t\u00e9rminos en un masivo acto celebrado en la comunidad de Jacagua, donde jurament\u00f3 a cerca de 200 subdirectorios de base de la circunscripci\u00f3n 1 de Santiago. Lo propio hizo en el Ensanche Libertad, donde dej\u00f3 constituido otros 220 organismos de base.<\/span><\/p>\n<\/p>\n<p><span class=\"text1noticias\">Manifest\u00f3 que esos organismos, que integran m\u00e1s de 3 mil 600 militantes y cuadros pol\u00edticos del PRSC, forman parte de la nueva estructura partidaria de un subdirectorio por mesa electoral que se est\u00e1 conformando en todo el territorio nacional con miras a las elecciones de 2016.<\/span><\/p>\n<p><span class=\"text1noticias\"> <\/span><\/p>\n<p><span class=\"text1noticias\">Explic\u00f3 que ese proceso de organizaci\u00f3n es una demostraci\u00f3n de que los reformistas est\u00e1n decididos a jugar un rol preponderante y protag\u00f3nico para alcanzar el poder y devolverle al pueblo el respeto a su soberan\u00eda, cambiar la econom\u00eda para que la riqueza llegue a los sectores pobres y generar los empleos que necesitan los dominicanos para vencer la delincuencia y la criminalidad.<\/span><\/p>\n<\/p>\n<p><span class=\"text1noticias\">Quique Ant\u00fan estuvo acompa\u00f1ado en ambos actos por los secretarios general, Ram\u00f3n Rogelio Genao; de  Organizaci\u00f3n, Miguel Bogaert; de Asuntos Electorales, M\u00e1ximo Castro Silverio, y de Finanzas, Marino Collante, as\u00ed como del presidente del directorio municipal, Rafael ?Papito- Cruz, y de los tambi\u00e9n dirigentes Milton Ginebra, Sergio Cede\u00f1o, Sergia Elena de S\u00e9liman, Jos\u00e9 Enrique Sued, Johnny Cabrera y una nutrida delegaci\u00f3n de j\u00f3venes de la provincia.<\/span><\/p>\n<\/p>\n<p><span class=\"text1noticias\">Quique Ant\u00fan exhort\u00f3 a los dirigentes y militantes reformistas de Santiago a no desmayar en el trabajo para recuperar esta plaza electoral y dijo que no tiene duda de que se va a lograr, \u00abporque contamos con muy buenos dirigentes y extraordinarios servidores p\u00fablicos que son muy bien valorados por la poblaci\u00f3n\u00bb.<\/span><\/p>\n<\/p>\n<p><span class=\"text1noticias\">Dijo que un paso importante que ha dado la dirigencia reformista local es mantiene la unidad, la fraternidad, solidaridad y hermandad \u00abque son condiciones que est\u00e1n ayudando mucho al fortalecimiento del nuevo PRSC \u00ab.(HG)<\/span>.<\/p>\n<h6> 2014-10-21 19:23:07 <\/h6>\n<p><!--\n<link rel=\"stylesheet\" href=\"css\/bootstrap.min.css\">\n\n\n<ul class=\"pagination\">\n\t    \n\t\n\n<li >\n\t<a href='?page_no=14286'>Previous<\/a>\n\t<\/li>\n\n\n       \n    \n\n<li><a href='?page_no=1'>1<\/a><\/li>\n\n\n\n<li><a href='?page_no=2'>2<\/a><\/li>\n\n\n\n<li><a>...<\/a><\/li>\n\n\n\n<li><a href='?page_no=14285'>14285<\/a><\/li>\n\n\n\n<li><a href='?page_no=14286'>14286<\/a><\/li>\n\n\n\n<li class='active'><a>14287<\/a><\/li>\n\n\n\n<li><a href='?page_no=14288'>14288<\/a><\/li>\n\n\n\n<li><a href='?page_no=14289'>14289<\/a><\/li>\n\n\n\n<li><a>...<\/a><\/li>\n\n\n\n<li><a href='?page_no=36999'>36999<\/a><\/li>\n\n\n\n<li><a href='?page_no=37000'>37000<\/a><\/li>\n\n    \n\t\n\n<li >\n\t<a href='?page_no=14288'>Next<\/a>\n\t<\/li>\n\n\n    \n\n<li><a href='?page_no=37000'>Last &rsaquo;&rsaquo;<\/a><\/li>\n\n<\/ul>\n\n\n--><br \/>\n<\/body><\/p>\n","protected":false},"excerpt":{"rendered":"<p>Santo Domingo, RD, 21 de Octubre.-El presidente del Partido Reformista Social Cristiano (PRSC), ingeniero Federico Ant\u00fan Batlle (Quique), llam\u00f3 a los ciudadanos a defender la nacionalizaci\u00f3n del empleo en la Rep\u00fablica Dominicana. Sostuvo que hay una descontrolada invasi\u00f3n pac\u00edfica de inmigrantes extranjeros que est\u00e1n desplazando la mano de obra dominicana, \u00aby a esta situaci\u00f3n hay [&hellip;]<\/p>\n","protected":false},"author":3,"featured_media":0,"comment_status":"open","ping_status":"open","sticky":false,"template":"","format":"standard","meta":{"footnotes":""},"categories":[22],"tags":[],"class_list":["post-161819","post","type-post","status-publish","format-standard","hentry","category-politica"],"_links":{"self":[{"href":"https:\/\/diariodominicano.com\/index.php?rest_route=\/wp\/v2\/posts\/161819","targetHints":{"allow":["GET"]}}],"collection":[{"href":"https:\/\/diariodominicano.com\/index.php?rest_route=\/wp\/v2\/posts"}],"about":[{"href":"https:\/\/diariodominicano.com\/index.php?rest_route=\/wp\/v2\/types\/post"}],"author":[{"embeddable":true,"href":"https:\/\/diariodominicano.com\/index.php?rest_route=\/wp\/v2\/users\/3"}],"replies":[{"embeddable":true,"href":"https:\/\/diariodominicano.com\/index.php?rest_route=%2Fwp%2Fv2%2Fcomments&post=161819"}],"version-history":[{"count":0,"href":"https:\/\/diariodominicano.com\/index.php?rest_route=\/wp\/v2\/posts\/161819\/revisions"}],"wp:attachment":[{"href":"https:\/\/diariodominicano.com\/index.php?rest_route=%2Fwp%2Fv2%2Fmedia&parent=161819"}],"wp:term":[{"taxonomy":"category","embeddable":true,"href":"https:\/\/diariodominicano.com\/index.php?rest_route=%2Fwp%2Fv2%2Fcategories&post=161819"},{"taxonomy":"post_tag","embeddable":true,"href":"https:\/\/diariodominicano.com\/index.php?rest_route=%2Fwp%2Fv2%2Ftags&post=161819"}],"curies":[{"name":"wp","href":"https:\/\/api.w.org\/{rel}","templated":true}]}}