{"id":161818,"date":"2014-10-22T01:16:41","date_gmt":"2014-10-22T01:16:41","guid":{"rendered":"http:\/\/diariodominicano.ddns.net\/?p=161818"},"modified":"2014-10-22T01:16:41","modified_gmt":"2014-10-22T01:16:41","slug":"dirigentes-del-pld-sugieren-al-comite-politico-conocer-situacion-conflictiva-en-dajabon","status":"publish","type":"post","link":"https:\/\/diariodominicano.com\/?p=161818","title":{"rendered":"Dirigentes del PLD sugieren al Comit\u00e9 Pol\u00edtico conocer situaci\u00f3n conflictiva en Dajabon"},"content":{"rendered":"<p><body><\/p>\n<p><img decoding=\"async\" src=\"img3\/camacho y contreras.JPG\" \/>  <\/p>\n<p><span class=\"text1noticias\">Santo Domingo, R. D., 21 de octubre.- Los dirigentes nacionales del Partido de la Liberaci\u00f3n Dominicana, Radham\u00e9s Camacho y Domingo Contreras por separado, se manifestaron de acuerdo con que el Comit\u00e9 Pol\u00edtico de esa organizaci\u00f3n coloque en agenda dirimirse la situaci\u00f3n que se vive en Dajabon con la confrontaci\u00f3n publica de dos dirigentes, la Senadora Sonia Mateo y Olgo Fern\u00e1ndez, quien dirige el Instituto Nacional de Recursos Hidr\u00e1ulicos (INDRHI)<\/span><\/p>\n<p><span class=\"text1noticias\"> <\/span><\/p>\n<p><span class=\"text1noticias\">Tanto Radham\u00e9s Camacho, miembro del Comit\u00e9 Pol\u00edtico como Domingo Contreras, del Comit\u00e9 Central, entienden que ese organismo no puede evadir el \u00abtema de Dajab\u00f3n\u00bb en raz\u00f3n de que afecta la imagen del Partido<\/span><\/p>\n<p><span class=\"text1noticias\"> <\/span><\/p>\n<p><span class=\"text1noticias\">Camacho explica que existe un informe que elabor\u00f3 la direcci\u00f3n provincial de Dajab\u00f3n sobre el conflicto, el cual tienen que ser analizado por el Comit\u00e9 Pol\u00edtico.<\/span><\/p>\n<p><span class=\"text1noticias\"> <\/span><\/p>\n<p><span class=\"text1noticias\">Manifest\u00f3 que la poblaci\u00f3n de Dajab\u00f3n y del pa\u00eds, no se merece ese tipo de debate y exhort\u00f3 a la alta direcci\u00f3n del Partido de la Liberaci\u00f3n Dominicana a buscar avenencia entre los dirigentes en disputa<\/span><\/p>\n<p><span class=\"text1noticias\"> <\/span><\/p>\n<p><span class=\"text1noticias\">\u00abY eso no podemos acept\u00e1rselo de ninguna manera. Ellos no son due\u00f1os del espacio pol\u00edtico que nosotros hemos construido con tanto sacrificio\u00bb, enfatiz\u00f3 Camacho en despacho servido por la Secretar\u00eda de Comunicaciones del PLD<\/span><\/p>\n<p><span class=\"text1noticias\"> <\/span><\/p>\n<p><span class=\"text1noticias\">Domingo Contreras, consider\u00f3 que esa disputa pol\u00edtica no deber\u00eda llegar a esos extremos y que se debe encausar institucionalmente y tomar las decisiones de lugar.<\/span><\/p>\n<p><span class=\"text1noticias\"> <\/span><\/p>\n<p><span class=\"text1noticias\">\u00abDebemos ver cu\u00e1l es la realidad del caso y si se trata de una lucha pol\u00edtica que se est\u00e1 tratando de judicializar para  perjudicar o favorecer tampoco creo que se deber\u00eda llegar hasta ah\u00ed\u00bb, precis\u00f3.<\/span><\/p>\n<p><span class=\"text1noticias\"> <\/span><\/p>\n<p><span class=\"text1noticias\">Explic\u00f3 que la lucha democr\u00e1tica, la lucha por ganar las  posiciones son leg\u00edtimas y que el partido siempre ha estado abierto para el que quiere aspirar que <\/span>aspire.<\/p>\n<h6> 2014-10-22 01:16:41 <\/h6>\n<p><!--\n<link rel=\"stylesheet\" href=\"css\/bootstrap.min.css\">\n\n\n<ul class=\"pagination\">\n\t    \n\t\n\n<li >\n\t<a href='?page_no=14285'>Previous<\/a>\n\t<\/li>\n\n\n       \n    \n\n<li><a href='?page_no=1'>1<\/a><\/li>\n\n\n\n<li><a href='?page_no=2'>2<\/a><\/li>\n\n\n\n<li><a>...<\/a><\/li>\n\n\n\n<li><a href='?page_no=14284'>14284<\/a><\/li>\n\n\n\n<li><a href='?page_no=14285'>14285<\/a><\/li>\n\n\n\n<li class='active'><a>14286<\/a><\/li>\n\n\n\n<li><a href='?page_no=14287'>14287<\/a><\/li>\n\n\n\n<li><a href='?page_no=14288'>14288<\/a><\/li>\n\n\n\n<li><a>...<\/a><\/li>\n\n\n\n<li><a href='?page_no=36999'>36999<\/a><\/li>\n\n\n\n<li><a href='?page_no=37000'>37000<\/a><\/li>\n\n    \n\t\n\n<li >\n\t<a href='?page_no=14287'>Next<\/a>\n\t<\/li>\n\n\n    \n\n<li><a href='?page_no=37000'>Last &rsaquo;&rsaquo;<\/a><\/li>\n\n<\/ul>\n\n\n--><br \/>\n<\/body><\/p>\n","protected":false},"excerpt":{"rendered":"<p>Santo Domingo, R. D., 21 de octubre.- Los dirigentes nacionales del Partido de la Liberaci\u00f3n Dominicana, Radham\u00e9s Camacho y Domingo Contreras por separado, se manifestaron de acuerdo con que el Comit\u00e9 Pol\u00edtico de esa organizaci\u00f3n coloque en agenda dirimirse la situaci\u00f3n que se vive en Dajabon con la confrontaci\u00f3n publica de dos dirigentes, la Senadora [&hellip;]<\/p>\n","protected":false},"author":3,"featured_media":0,"comment_status":"open","ping_status":"open","sticky":false,"template":"","format":"standard","meta":{"footnotes":""},"categories":[22],"tags":[],"class_list":["post-161818","post","type-post","status-publish","format-standard","hentry","category-politica"],"_links":{"self":[{"href":"https:\/\/diariodominicano.com\/index.php?rest_route=\/wp\/v2\/posts\/161818","targetHints":{"allow":["GET"]}}],"collection":[{"href":"https:\/\/diariodominicano.com\/index.php?rest_route=\/wp\/v2\/posts"}],"about":[{"href":"https:\/\/diariodominicano.com\/index.php?rest_route=\/wp\/v2\/types\/post"}],"author":[{"embeddable":true,"href":"https:\/\/diariodominicano.com\/index.php?rest_route=\/wp\/v2\/users\/3"}],"replies":[{"embeddable":true,"href":"https:\/\/diariodominicano.com\/index.php?rest_route=%2Fwp%2Fv2%2Fcomments&post=161818"}],"version-history":[{"count":0,"href":"https:\/\/diariodominicano.com\/index.php?rest_route=\/wp\/v2\/posts\/161818\/revisions"}],"wp:attachment":[{"href":"https:\/\/diariodominicano.com\/index.php?rest_route=%2Fwp%2Fv2%2Fmedia&parent=161818"}],"wp:term":[{"taxonomy":"category","embeddable":true,"href":"https:\/\/diariodominicano.com\/index.php?rest_route=%2Fwp%2Fv2%2Fcategories&post=161818"},{"taxonomy":"post_tag","embeddable":true,"href":"https:\/\/diariodominicano.com\/index.php?rest_route=%2Fwp%2Fv2%2Ftags&post=161818"}],"curies":[{"name":"wp","href":"https:\/\/api.w.org\/{rel}","templated":true}]}}