{"id":161816,"date":"2014-10-22T17:27:08","date_gmt":"2014-10-22T17:27:08","guid":{"rendered":"http:\/\/diariodominicano.ddns.net\/?p=161816"},"modified":"2014-10-22T17:27:08","modified_gmt":"2014-10-22T17:27:08","slug":"ito-bisono-si-las-instituciones-cumplieran-su-rol-el-congreso-se-dedicaria-solo-a-legislar","status":"publish","type":"post","link":"https:\/\/diariodominicano.com\/?p=161816","title":{"rendered":"&#13;Ito Bison\u00f3: Si las instituciones cumplieran su rol el Congreso se dedicar\u00eda solo a legislar"},"content":{"rendered":"<p><body><\/p>\n<p><img decoding=\"async\" src=\"http:\/\/localhost:8080\/img3\/ITO.jpg\" \/>  <\/p>\n<\/p>\n<\/p>\n<\/p>\n<p><span class=\"text1noticias\">Santo Domingo, RD, 22 de octubre.- El diputado por el Partido Reformista Social Cristiano (PRSC), V\u00edctor (Ito) Bison\u00f3, dijo estar de acuerdo con la decisi\u00f3n del presidente de la C\u00e1mara de Diputados de retirar recursos de la pol\u00edtica social y destinarlos a Salud P\u00fablica, pero advirti\u00f3 que si cada instituci\u00f3n asume su rol el Congreso se dedicar\u00eda solo a legislar.<\/span><\/p>\n<\/p>\n<p><span class=\"text1noticias\">Manifest\u00f3 que se ha creado un clientelismo que no es sano y que una cosa es que se le d\u00e9 una ayuda a una persona para sacarla de la pobreza, y otra  es ayudarla a que tenga un empleo digno y que supere una situaci\u00f3n de crisis.<\/span><\/p>\n<\/p>\n<p><span class=\"text1noticias\">\u00abCreo que lo sano ser\u00eda que en Rep\u00fablica Dominicana los legisladores, ministros, tambi\u00e9n los alcaldes y regidores, se ocupen de la tarea para la cual han sido electos y, que los gobiernos, principalmente aquellos que con la voluntad del Presupuesto nacional inciden en otro partido o en estamentos de poder que no son necesariamente del Ejecutivo, se ocupen tambi\u00e9n de lo que les toca\u00bb, dijo Bison\u00f3.<\/span><\/p>\n<\/p>\n<p><span class=\"text1noticias\">Cit\u00f3, al ser entrevistado en el programa Tu Derecho a Saber, que se transmite por Rumba 98.5 FM de 7 a 9 AM, como ejemplo lo que calific\u00f3 como una groser\u00eda en un pa\u00eds pobre, el dinero que le da la Junta Central Electoral a los partidos pol\u00edticos en \u00e9pocas que no son de campa\u00f1a, cuando hay hospitales que no tienen ni gasas ni ox\u00edgeno.<\/span><\/p>\n<\/p>\n<p><span class=\"text1noticias\">\u00abLuego vemos una cantidad de oficinas del Estado que dan uniformes, mochilas, pelotas, viajes, y yo me pregunto qu\u00e9 hace el Ministerio de Deportes, y no estoy diciendo que no se haga, sino que se tiene que hacer m\u00e1s\u00bb, manifest\u00f3 el diputado por el PRSC.<\/span><\/p>\n<\/p>\n<p><span class=\"text1noticias\">Sobre los gastos de los diputados en alimentos, el diputado Bison\u00f3 manifest\u00f3 que no hay que caer en trivialidades y que lo l\u00f3gico es que si un personal se queda en su \u00e1rea de trabajo en horario de almuerzo, \u00abalgo tiene que comer\u00bb.  <\/span><\/p>\n<\/p>\n<p><span class=\"text1noticias\">\u00abTodo depende de c\u00f3mo se quiera hacer ruido con determinadas cosas y ese es el poder de la noticia, pero creo que debemos estar por encima de eso y buscar soluciones reales, porque es un tema del modelo\u00bb, manifest\u00f3 BIson\u00f3.<\/span><\/p>\n<\/p>\n<p><span class=\"text1noticias\">Destac\u00f3 que el Poder Legislativo es el primero del Estado y cree que debe exhibirse el tema de la transparencia, adem\u00e1s de un comportamiento adecuado, as\u00ed como tambi\u00e9n un seguimiento a lo que se quiere que sea el pa\u00eds y actuar en consecuencia.<\/span><\/p>\n<\/p>\n<p><span class=\"text1noticias\">\u00abDeber\u00edamos ponernos de acuerdo en muchas cosas, por ejemplo, es verdad que este es un pa\u00eds en v\u00eda de desarrollo, pero es una naci\u00f3n muy mal administrada, con leyes que lamentablemente no se cumplen y otras inapropiadas, como son los porcentajes fijos a muchos sectores del Estado dominicano, comenzando por el Congreso y lo que es hoy Educaci\u00f3n, que tiene el 4% y esta es la fecha que no se sabe c\u00f3mo se va a aplicar\u00bb, dijo y agreg\u00f3 que lo que se tiene que buscar un orden.<\/span><\/p>\n<\/p>\n<p><span class=\"text1noticias\">Manifest\u00f3 que lo preocupante es que teniendo un presupuesto 25 veces mayor que el \u00faltimo que administr\u00f3 el Partido Reformista, tenemos 400% m\u00e1s de deuda y un desempleo que dobla el de la regi\u00f3n, estamos hablando de eficientizar los recursos.   <\/span><\/p>\n<\/p>\n<h6> 2014-10-22 17:27:08 <\/h6>\n<p><!--\n<link rel=\"stylesheet\" href=\"css\/bootstrap.min.css\">\n\n\n<ul class=\"pagination\">\n\t    \n\t\n\n<li >\n\t<a href='?page_no=14283'>Previous<\/a>\n\t<\/li>\n\n\n       \n    \n\n<li><a href='?page_no=1'>1<\/a><\/li>\n\n\n\n<li><a href='?page_no=2'>2<\/a><\/li>\n\n\n\n<li><a>...<\/a><\/li>\n\n\n\n<li><a href='?page_no=14282'>14282<\/a><\/li>\n\n\n\n<li><a href='?page_no=14283'>14283<\/a><\/li>\n\n\n\n<li class='active'><a>14284<\/a><\/li>\n\n\n\n<li><a href='?page_no=14285'>14285<\/a><\/li>\n\n\n\n<li><a href='?page_no=14286'>14286<\/a><\/li>\n\n\n\n<li><a>...<\/a><\/li>\n\n\n\n<li><a href='?page_no=36999'>36999<\/a><\/li>\n\n\n\n<li><a href='?page_no=37000'>37000<\/a><\/li>\n\n    \n\t\n\n<li >\n\t<a href='?page_no=14285'>Next<\/a>\n\t<\/li>\n\n\n    \n\n<li><a href='?page_no=37000'>Last &rsaquo;&rsaquo;<\/a><\/li>\n\n<\/ul>\n\n\n--><br \/>\n<\/body><\/p>\n","protected":false},"excerpt":{"rendered":"<p>Santo Domingo, RD, 22 de octubre.- El diputado por el Partido Reformista Social Cristiano (PRSC), V\u00edctor (Ito) Bison\u00f3, dijo estar de acuerdo con la decisi\u00f3n del presidente de la C\u00e1mara de Diputados de retirar recursos de la pol\u00edtica social y destinarlos a Salud P\u00fablica, pero advirti\u00f3 que si cada instituci\u00f3n asume su rol el Congreso [&hellip;]<\/p>\n","protected":false},"author":3,"featured_media":0,"comment_status":"open","ping_status":"open","sticky":false,"template":"","format":"standard","meta":{"footnotes":""},"categories":[22],"tags":[],"class_list":["post-161816","post","type-post","status-publish","format-standard","hentry","category-politica"],"_links":{"self":[{"href":"https:\/\/diariodominicano.com\/index.php?rest_route=\/wp\/v2\/posts\/161816","targetHints":{"allow":["GET"]}}],"collection":[{"href":"https:\/\/diariodominicano.com\/index.php?rest_route=\/wp\/v2\/posts"}],"about":[{"href":"https:\/\/diariodominicano.com\/index.php?rest_route=\/wp\/v2\/types\/post"}],"author":[{"embeddable":true,"href":"https:\/\/diariodominicano.com\/index.php?rest_route=\/wp\/v2\/users\/3"}],"replies":[{"embeddable":true,"href":"https:\/\/diariodominicano.com\/index.php?rest_route=%2Fwp%2Fv2%2Fcomments&post=161816"}],"version-history":[{"count":0,"href":"https:\/\/diariodominicano.com\/index.php?rest_route=\/wp\/v2\/posts\/161816\/revisions"}],"wp:attachment":[{"href":"https:\/\/diariodominicano.com\/index.php?rest_route=%2Fwp%2Fv2%2Fmedia&parent=161816"}],"wp:term":[{"taxonomy":"category","embeddable":true,"href":"https:\/\/diariodominicano.com\/index.php?rest_route=%2Fwp%2Fv2%2Fcategories&post=161816"},{"taxonomy":"post_tag","embeddable":true,"href":"https:\/\/diariodominicano.com\/index.php?rest_route=%2Fwp%2Fv2%2Ftags&post=161816"}],"curies":[{"name":"wp","href":"https:\/\/api.w.org\/{rel}","templated":true}]}}