{"id":161815,"date":"2014-10-22T17:34:59","date_gmt":"2014-10-22T17:34:59","guid":{"rendered":"http:\/\/diariodominicano.ddns.net\/?p=161815"},"modified":"2014-10-22T17:34:59","modified_gmt":"2014-10-22T17:34:59","slug":"diputado-perredeista-denuncia-presidente-camara-diputados-nos-quito-barrilito-para-quedarse-con-el-barrilote","status":"publish","type":"post","link":"https:\/\/diariodominicano.com\/?p=161815","title":{"rendered":"&#13;&#13;Diputado perredeista denuncia presidente C\u00e1mara Diputados \u00abnos quit\u00f3 barrilito para quedarse con el barrilote\u00bb"},"content":{"rendered":"<p><body><\/p>\n<p><img decoding=\"async\" src=\"img3\/gonzalez.jpg\" \/><br \/><img decoding=\"async\" src=\"img3\/gonzalezdos.jpg\" \/>  <\/p>\n<\/p>\n<p><span class=\"text1noticias\">\u00abNos han quitado el \u00abbarrilito\u00bb para \u00e9l quedarse con el barrilote y vemos que lo que est\u00e1 haciendo es utilizando a los diputados para \u00e9l proyectarse con fines pol\u00edticos\u00bb.<\/span><\/p>\n<\/p>\n<p><span class=\"text1noticias\">Resalt\u00f3 que en otras circunstancias Mart\u00ednez  consulta al pleno, pero que en  el caso del barrilito no lo tom\u00f3 en cuenta.<\/span><\/p>\n<\/p>\n<p><span class=\"text1noticias\">Entrevistado en el programa Pantalla Abierta que produce el doctor Rafael Franco  de 6-9 am, junto a la periodista Zonia Tejada,  los ingenieros Johnny Marte y  Tom\u00e1s Hern\u00e1ndez por el canal 36,  expres\u00f3 tambi\u00e9n que los 70 millones que se destinar\u00e1n para el Plan de Prevenci\u00f3n contra el virus del \u00e9bola no necesariamente deber\u00edan salir del barrilito, si no del Club de Legisladores, cerr\u00e1ndolo.<\/span><\/p>\n<h6> 2014-10-22 17:34:59 <\/h6>\n<p><!--\n<link rel=\"stylesheet\" href=\"css\/bootstrap.min.css\">\n\n\n<ul class=\"pagination\">\n\t    \n\t\n\n<li >\n\t<a href='?page_no=14282'>Previous<\/a>\n\t<\/li>\n\n\n       \n    \n\n<li><a href='?page_no=1'>1<\/a><\/li>\n\n\n\n<li><a href='?page_no=2'>2<\/a><\/li>\n\n\n\n<li><a>...<\/a><\/li>\n\n\n\n<li><a href='?page_no=14281'>14281<\/a><\/li>\n\n\n\n<li><a href='?page_no=14282'>14282<\/a><\/li>\n\n\n\n<li class='active'><a>14283<\/a><\/li>\n\n\n\n<li><a href='?page_no=14284'>14284<\/a><\/li>\n\n\n\n<li><a href='?page_no=14285'>14285<\/a><\/li>\n\n\n\n<li><a>...<\/a><\/li>\n\n\n\n<li><a href='?page_no=36999'>36999<\/a><\/li>\n\n\n\n<li><a href='?page_no=37000'>37000<\/a><\/li>\n\n    \n\t\n\n<li >\n\t<a href='?page_no=14284'>Next<\/a>\n\t<\/li>\n\n\n    \n\n<li><a href='?page_no=37000'>Last &rsaquo;&rsaquo;<\/a><\/li>\n\n<\/ul>\n\n\n--><br \/>\n<\/body><\/p>\n","protected":false},"excerpt":{"rendered":"<p>\u00abNos han quitado el \u00abbarrilito\u00bb para \u00e9l quedarse con el barrilote y vemos que lo que est\u00e1 haciendo es utilizando a los diputados para \u00e9l proyectarse con fines pol\u00edticos\u00bb. Resalt\u00f3 que en otras circunstancias Mart\u00ednez consulta al pleno, pero que en el caso del barrilito no lo tom\u00f3 en cuenta. Entrevistado en el programa Pantalla [&hellip;]<\/p>\n","protected":false},"author":3,"featured_media":0,"comment_status":"open","ping_status":"open","sticky":false,"template":"","format":"standard","meta":{"footnotes":""},"categories":[22],"tags":[],"class_list":["post-161815","post","type-post","status-publish","format-standard","hentry","category-politica"],"_links":{"self":[{"href":"https:\/\/diariodominicano.com\/index.php?rest_route=\/wp\/v2\/posts\/161815","targetHints":{"allow":["GET"]}}],"collection":[{"href":"https:\/\/diariodominicano.com\/index.php?rest_route=\/wp\/v2\/posts"}],"about":[{"href":"https:\/\/diariodominicano.com\/index.php?rest_route=\/wp\/v2\/types\/post"}],"author":[{"embeddable":true,"href":"https:\/\/diariodominicano.com\/index.php?rest_route=\/wp\/v2\/users\/3"}],"replies":[{"embeddable":true,"href":"https:\/\/diariodominicano.com\/index.php?rest_route=%2Fwp%2Fv2%2Fcomments&post=161815"}],"version-history":[{"count":0,"href":"https:\/\/diariodominicano.com\/index.php?rest_route=\/wp\/v2\/posts\/161815\/revisions"}],"wp:attachment":[{"href":"https:\/\/diariodominicano.com\/index.php?rest_route=%2Fwp%2Fv2%2Fmedia&parent=161815"}],"wp:term":[{"taxonomy":"category","embeddable":true,"href":"https:\/\/diariodominicano.com\/index.php?rest_route=%2Fwp%2Fv2%2Fcategories&post=161815"},{"taxonomy":"post_tag","embeddable":true,"href":"https:\/\/diariodominicano.com\/index.php?rest_route=%2Fwp%2Fv2%2Ftags&post=161815"}],"curies":[{"name":"wp","href":"https:\/\/api.w.org\/{rel}","templated":true}]}}