{"id":161813,"date":"2014-10-22T17:52:09","date_gmt":"2014-10-22T17:52:09","guid":{"rendered":"http:\/\/diariodominicano.ddns.net\/?p=161813"},"modified":"2014-10-22T17:52:09","modified_gmt":"2014-10-22T17:52:09","slug":"udc-en-barahona-se-opone-al-reconocimiento-de-jean-jacques-dessalines","status":"publish","type":"post","link":"https:\/\/diariodominicano.com\/?p=161813","title":{"rendered":"&#13;&#13;UDC en Barahona se opone al reconocimiento de Jean-Jacques Dessalines"},"content":{"rendered":"<p><body><\/p>\n<p><img decoding=\"async\" src=\"img3\/UDC.jpg\" \/>  <\/p>\n<\/p>\n<p><span class=\"text1noticias\"> <\/span><\/p>\n<p><span class=\"text1noticias\">Por Jorge Cuevas (Hijo).<\/span><\/p>\n<\/p>\n<p><span class=\"text1noticias\">Barahona, RD, 22 de octubre.- La secretaria de la Uni\u00f3n Dem\u00f3crata Cristiano (UDC), Esther Carbonell se opuso a que la Universidad Aut\u00f3noma de Santo Domingo (UASD), reconociera al personaje hist\u00f3rico haitiano Jean-Jacques Dessalines.<\/span><\/p>\n<\/p>\n<p><span class=\"text1noticias\">Dijo que es un acto de atropello en contra de la soberan\u00eda nacional que lesiona los intereses dominicanos.<\/span><\/p>\n<\/p>\n<p><span class=\"text1noticias\">Indic\u00f3 que Jean-Jacques Dessalines no ha aportado nada a la Rep\u00fablica Dominicana por lo que el reconocimiento de la UASD en el pa\u00eds debe ser suspendido.<\/span><\/p>\n<h6> 2014-10-22 17:52:09 <\/h6>\n<p><!--\n<link rel=\"stylesheet\" href=\"css\/bootstrap.min.css\">\n\n\n<ul class=\"pagination\">\n\t    \n\t\n\n<li >\n\t<a href='?page_no=14280'>Previous<\/a>\n\t<\/li>\n\n\n       \n    \n\n<li><a href='?page_no=1'>1<\/a><\/li>\n\n\n\n<li><a href='?page_no=2'>2<\/a><\/li>\n\n\n\n<li><a>...<\/a><\/li>\n\n\n\n<li><a href='?page_no=14279'>14279<\/a><\/li>\n\n\n\n<li><a href='?page_no=14280'>14280<\/a><\/li>\n\n\n\n<li class='active'><a>14281<\/a><\/li>\n\n\n\n<li><a href='?page_no=14282'>14282<\/a><\/li>\n\n\n\n<li><a href='?page_no=14283'>14283<\/a><\/li>\n\n\n\n<li><a>...<\/a><\/li>\n\n\n\n<li><a href='?page_no=36999'>36999<\/a><\/li>\n\n\n\n<li><a href='?page_no=37000'>37000<\/a><\/li>\n\n    \n\t\n\n<li >\n\t<a href='?page_no=14282'>Next<\/a>\n\t<\/li>\n\n\n    \n\n<li><a href='?page_no=37000'>Last &rsaquo;&rsaquo;<\/a><\/li>\n\n<\/ul>\n\n\n--><br \/>\n<\/body><\/p>\n","protected":false},"excerpt":{"rendered":"<p>Por Jorge Cuevas (Hijo). Barahona, RD, 22 de octubre.- La secretaria de la Uni\u00f3n Dem\u00f3crata Cristiano (UDC), Esther Carbonell se opuso a que la Universidad Aut\u00f3noma de Santo Domingo (UASD), reconociera al personaje hist\u00f3rico haitiano Jean-Jacques Dessalines. Dijo que es un acto de atropello en contra de la soberan\u00eda nacional que lesiona los intereses dominicanos. [&hellip;]<\/p>\n","protected":false},"author":3,"featured_media":0,"comment_status":"open","ping_status":"open","sticky":false,"template":"","format":"standard","meta":{"footnotes":""},"categories":[22],"tags":[],"class_list":["post-161813","post","type-post","status-publish","format-standard","hentry","category-politica"],"_links":{"self":[{"href":"https:\/\/diariodominicano.com\/index.php?rest_route=\/wp\/v2\/posts\/161813","targetHints":{"allow":["GET"]}}],"collection":[{"href":"https:\/\/diariodominicano.com\/index.php?rest_route=\/wp\/v2\/posts"}],"about":[{"href":"https:\/\/diariodominicano.com\/index.php?rest_route=\/wp\/v2\/types\/post"}],"author":[{"embeddable":true,"href":"https:\/\/diariodominicano.com\/index.php?rest_route=\/wp\/v2\/users\/3"}],"replies":[{"embeddable":true,"href":"https:\/\/diariodominicano.com\/index.php?rest_route=%2Fwp%2Fv2%2Fcomments&post=161813"}],"version-history":[{"count":0,"href":"https:\/\/diariodominicano.com\/index.php?rest_route=\/wp\/v2\/posts\/161813\/revisions"}],"wp:attachment":[{"href":"https:\/\/diariodominicano.com\/index.php?rest_route=%2Fwp%2Fv2%2Fmedia&parent=161813"}],"wp:term":[{"taxonomy":"category","embeddable":true,"href":"https:\/\/diariodominicano.com\/index.php?rest_route=%2Fwp%2Fv2%2Fcategories&post=161813"},{"taxonomy":"post_tag","embeddable":true,"href":"https:\/\/diariodominicano.com\/index.php?rest_route=%2Fwp%2Fv2%2Ftags&post=161813"}],"curies":[{"name":"wp","href":"https:\/\/api.w.org\/{rel}","templated":true}]}}