{"id":161810,"date":"2014-10-22T18:33:01","date_gmt":"2014-10-22T18:33:01","guid":{"rendered":"http:\/\/diariodominicano.ddns.net\/?p=161810"},"modified":"2014-10-22T18:33:01","modified_gmt":"2014-10-22T18:33:01","slug":"francisco-javier-elogia-capacidad-de-trabajo-de-la-mujer-dominicana","status":"publish","type":"post","link":"https:\/\/diariodominicano.com\/?p=161810","title":{"rendered":"&#13;Francisco Javier elogia capacidad de trabajo de la mujer dominicana"},"content":{"rendered":"<p><body><\/p>\n<p><img decoding=\"async\" src=\"img3\/franciscojavier.jpg\" \/>  <\/p>\n<\/p>\n<\/p>\n<p>Santo Domingo, RD, 22 de octubre.-El aspirante a la nominaci\u00f3n presidencial del Partido de la Liberaci\u00f3n Dominicana, Francisco Javier, elogi\u00f3 la eficiencia y la capacidad que la mujer dominicana suele mostrar cuando ejerce funciones  en el estado y la exhort\u00f3 a trabajar m\u00e1s en la actividad pol\u00edtica.<\/p>\n<\/p>\n<p>Sostuvo que las cuotas electorales para las mujeres son una limitante, y que los logros de estas deben ser por el trabajo realizado, fuerte, con tes\u00f3n, para hacer avanzar a la Rep\u00fablica Dominicana.<\/p>\n<\/p>\n<p>El estratega pol\u00edtico destac\u00f3 que esa capacidad y centralizaci\u00f3n de la mujer se evidencia cuando ejerce una posici\u00f3n de mando en un proyecto institucional o empresarial.<\/p>\n<\/p>\n<p>\u00abLo bueno ser\u00eda que la mujer tenga m\u00e1s actividad; la mujer tiene necesariamente que participar en pol\u00edtica y trabajar\u00bb, sostuvo al pronunciar un discurso ante cientos de mujeres seguidoras de su candidatura en un acto realizado en su oficina pol\u00edtica organizado por el Sector Externo Femenino del Proyecto Francisco Javier Presidente 2016 a cargo de la licenciada Arlenys Zorrilla.<\/p>\n<\/p>\n<p>Sobre el fen\u00f3meno de la violencia contra la mujer dijo que hay que enfrentarlo. \u00abEsto es algo que est\u00e1 contra la naturaleza; el hombre es el \u00fanico animal que mata a su hembra\u00bb, manifest\u00f3.<\/p>\n<\/p>\n<p>Plante\u00f3 como una necesidad estudiar el fen\u00f3meno y las caracter\u00edsticas del hombre violento, para detener de esa forma, con educaci\u00f3n y acciones judiciales el \u00edmpetu negativo que exhiben algunos hombres contra las mujeres.<\/p>\n<\/p>\n<p>\u00abEl tema de la violencia intrafamiliar  en la Rep\u00fablica Dominicana, hay que ponerle atenci\u00f3n, estamos a tiempo de corregir todo ese tipo de cosas\u00bb, expuso con preocupaci\u00f3n.<\/p>\n<\/p>\n<p>Advirti\u00f3 que si a la violencia intrafamiliar no se le pone atenci\u00f3n, el pa\u00eds, y principalmente las mujeres seguir\u00e1n sufriendo mucho.<\/p>\n<\/p>\n<p>Propuso la celebraci\u00f3n de encuentros talleres para discutir la pol\u00edtica para detener con acciones la violencia contra la mujer.<\/p>\n<\/p>\n<h6> 2014-10-22 18:33:01 <\/h6>\n<p><!--\n<link rel=\"stylesheet\" href=\"css\/bootstrap.min.css\">\n\n\n<ul class=\"pagination\">\n\t    \n\t\n\n<li >\n\t<a href='?page_no=14278'>Previous<\/a>\n\t<\/li>\n\n\n       \n    \n\n<li><a href='?page_no=1'>1<\/a><\/li>\n\n\n\n<li><a href='?page_no=2'>2<\/a><\/li>\n\n\n\n<li><a>...<\/a><\/li>\n\n\n\n<li><a href='?page_no=14277'>14277<\/a><\/li>\n\n\n\n<li><a href='?page_no=14278'>14278<\/a><\/li>\n\n\n\n<li class='active'><a>14279<\/a><\/li>\n\n\n\n<li><a href='?page_no=14280'>14280<\/a><\/li>\n\n\n\n<li><a href='?page_no=14281'>14281<\/a><\/li>\n\n\n\n<li><a>...<\/a><\/li>\n\n\n\n<li><a href='?page_no=36999'>36999<\/a><\/li>\n\n\n\n<li><a href='?page_no=37000'>37000<\/a><\/li>\n\n    \n\t\n\n<li >\n\t<a href='?page_no=14280'>Next<\/a>\n\t<\/li>\n\n\n    \n\n<li><a href='?page_no=37000'>Last &rsaquo;&rsaquo;<\/a><\/li>\n\n<\/ul>\n\n\n--><br \/>\n<\/body><\/p>\n","protected":false},"excerpt":{"rendered":"<p>Santo Domingo, RD, 22 de octubre.-El aspirante a la nominaci\u00f3n presidencial del Partido de la Liberaci\u00f3n Dominicana, Francisco Javier, elogi\u00f3 la eficiencia y la capacidad que la mujer dominicana suele mostrar cuando ejerce funciones en el estado y la exhort\u00f3 a trabajar m\u00e1s en la actividad pol\u00edtica. Sostuvo que las cuotas electorales para las mujeres [&hellip;]<\/p>\n","protected":false},"author":3,"featured_media":0,"comment_status":"open","ping_status":"open","sticky":false,"template":"","format":"standard","meta":{"footnotes":""},"categories":[22],"tags":[],"class_list":["post-161810","post","type-post","status-publish","format-standard","hentry","category-politica"],"_links":{"self":[{"href":"https:\/\/diariodominicano.com\/index.php?rest_route=\/wp\/v2\/posts\/161810","targetHints":{"allow":["GET"]}}],"collection":[{"href":"https:\/\/diariodominicano.com\/index.php?rest_route=\/wp\/v2\/posts"}],"about":[{"href":"https:\/\/diariodominicano.com\/index.php?rest_route=\/wp\/v2\/types\/post"}],"author":[{"embeddable":true,"href":"https:\/\/diariodominicano.com\/index.php?rest_route=\/wp\/v2\/users\/3"}],"replies":[{"embeddable":true,"href":"https:\/\/diariodominicano.com\/index.php?rest_route=%2Fwp%2Fv2%2Fcomments&post=161810"}],"version-history":[{"count":0,"href":"https:\/\/diariodominicano.com\/index.php?rest_route=\/wp\/v2\/posts\/161810\/revisions"}],"wp:attachment":[{"href":"https:\/\/diariodominicano.com\/index.php?rest_route=%2Fwp%2Fv2%2Fmedia&parent=161810"}],"wp:term":[{"taxonomy":"category","embeddable":true,"href":"https:\/\/diariodominicano.com\/index.php?rest_route=%2Fwp%2Fv2%2Fcategories&post=161810"},{"taxonomy":"post_tag","embeddable":true,"href":"https:\/\/diariodominicano.com\/index.php?rest_route=%2Fwp%2Fv2%2Ftags&post=161810"}],"curies":[{"name":"wp","href":"https:\/\/api.w.org\/{rel}","templated":true}]}}