{"id":161807,"date":"2014-10-22T19:43:46","date_gmt":"2014-10-22T19:43:46","guid":{"rendered":"http:\/\/diariodominicano.ddns.net\/?p=161807"},"modified":"2014-10-22T19:43:46","modified_gmt":"2014-10-22T19:43:46","slug":"quique-antun-se-reune-con-productores-tabaco-que-se-quejan-por-abandono-sector","status":"publish","type":"post","link":"https:\/\/diariodominicano.com\/?p=161807","title":{"rendered":"Quique Ant\u00fan se re\u00fane con productores tabaco que se quejan por abandono sector"},"content":{"rendered":"<p><body><\/p>\n<p><img decoding=\"async\" src=\"img3\/quique.jpg\" \/>  <\/p>\n<p><span class=\"text1noticias\">Villa Gonz\u00e1lez, Santiago, RD, 22 de Octubre.-La Federaci\u00f3n Nacional de Productores de Tabaco denunci\u00f3 el abandono en que se encuentra el sector tabacalero de la zona por la falta de financiamiento, lo que ha llevado a la quiebra a peque\u00f1os y medianos productores de la hoja arom\u00e1tica.<\/span><\/p>\n<\/p>\n<p><span class=\"text1noticias\">Los principales directivos de la federaci\u00f3n, Jos\u00e9 Miguel \u00c1lvarez, Vidal Ventura y Alberto Garc\u00eda, hablaron sobre el tema en el marco de un encuentro que sostuvieron con el presidente del Partido Reformista Social Cristiano (PRSC), ingeniero Federico Ant\u00fan Batlle (Quique), a quien explicaron la problem\u00e1tica por la que atraviesan los productores de tabaco.<\/span><\/p>\n<\/p>\n<p><span class=\"text1noticias\">Explicaron al ingeniero Quique Ant\u00fan, a quien invitaron a una de las plantaciones de tabaco, la falta de atenci\u00f3n para un sector tan importante, que constituye una fuente importante de divisas y genera una gran cantidad de empleos en la zona.<\/span><\/p>\n<\/p>\n<p><span class=\"text1noticias\">Dijeron que para dinamizar el sector tabaquero se necesita de unos 35 millones de pesos para ser utilizados en la siembra, desyerbo, recolecci\u00f3n, compra y empaque del tabaco, \u00ablo que representara m\u00e1s empleos y beneficios\u00bb.<\/span><\/p>\n<\/p>\n<p><span class=\"text1noticias\">En su conversaci\u00f3n con el l\u00edder reformista, se\u00f1alaron que al presidente de la Rep\u00fablica, Danilo Medina, no le han informado de la realidad por la que atraviesan los productores de tabaco.<\/span><\/p>\n<\/p>\n<p><span class=\"text1noticias\">Los directivos de la Federaci\u00f3n Nacional de Productores de Tabaco dijeron sentirse agradecido de los gobiernos del Partido Reformista, donde se le brind\u00f3 mucho apoyo con pr\u00e9stamos para siembra y empaques a trav\u00e9s del Banco Agr\u00edcola, lo que gener\u00f3 grandes beneficios para los peque\u00f1os y medianos productores.<\/span><\/p>\n<\/p>\n<p><span class=\"text1noticias\">Igualmente agradecieron al presidente del PRSC por haber aceptado la invitaci\u00f3n para que conociera en su condici\u00f3n de l\u00edder de una de las principales fuerzas pol\u00edticas del pa\u00eds la problem\u00e1tica por la que atraviesa el sector de productores de tabaco.(HG)<\/span>.<\/p>\n<h6> 2014-10-22 19:43:46 <\/h6>\n<p><!--\n<link rel=\"stylesheet\" href=\"css\/bootstrap.min.css\">\n\n\n<ul class=\"pagination\">\n\t    \n\t\n\n<li >\n\t<a href='?page_no=14275'>Previous<\/a>\n\t<\/li>\n\n\n       \n    \n\n<li><a href='?page_no=1'>1<\/a><\/li>\n\n\n\n<li><a href='?page_no=2'>2<\/a><\/li>\n\n\n\n<li><a>...<\/a><\/li>\n\n\n\n<li><a href='?page_no=14274'>14274<\/a><\/li>\n\n\n\n<li><a href='?page_no=14275'>14275<\/a><\/li>\n\n\n\n<li class='active'><a>14276<\/a><\/li>\n\n\n\n<li><a href='?page_no=14277'>14277<\/a><\/li>\n\n\n\n<li><a href='?page_no=14278'>14278<\/a><\/li>\n\n\n\n<li><a>...<\/a><\/li>\n\n\n\n<li><a href='?page_no=36999'>36999<\/a><\/li>\n\n\n\n<li><a href='?page_no=37000'>37000<\/a><\/li>\n\n    \n\t\n\n<li >\n\t<a href='?page_no=14277'>Next<\/a>\n\t<\/li>\n\n\n    \n\n<li><a href='?page_no=37000'>Last &rsaquo;&rsaquo;<\/a><\/li>\n\n<\/ul>\n\n\n--><br \/>\n<\/body><\/p>\n","protected":false},"excerpt":{"rendered":"<p>Villa Gonz\u00e1lez, Santiago, RD, 22 de Octubre.-La Federaci\u00f3n Nacional de Productores de Tabaco denunci\u00f3 el abandono en que se encuentra el sector tabacalero de la zona por la falta de financiamiento, lo que ha llevado a la quiebra a peque\u00f1os y medianos productores de la hoja arom\u00e1tica. Los principales directivos de la federaci\u00f3n, Jos\u00e9 Miguel [&hellip;]<\/p>\n","protected":false},"author":3,"featured_media":0,"comment_status":"open","ping_status":"open","sticky":false,"template":"","format":"standard","meta":{"footnotes":""},"categories":[22],"tags":[],"class_list":["post-161807","post","type-post","status-publish","format-standard","hentry","category-politica"],"_links":{"self":[{"href":"https:\/\/diariodominicano.com\/index.php?rest_route=\/wp\/v2\/posts\/161807","targetHints":{"allow":["GET"]}}],"collection":[{"href":"https:\/\/diariodominicano.com\/index.php?rest_route=\/wp\/v2\/posts"}],"about":[{"href":"https:\/\/diariodominicano.com\/index.php?rest_route=\/wp\/v2\/types\/post"}],"author":[{"embeddable":true,"href":"https:\/\/diariodominicano.com\/index.php?rest_route=\/wp\/v2\/users\/3"}],"replies":[{"embeddable":true,"href":"https:\/\/diariodominicano.com\/index.php?rest_route=%2Fwp%2Fv2%2Fcomments&post=161807"}],"version-history":[{"count":0,"href":"https:\/\/diariodominicano.com\/index.php?rest_route=\/wp\/v2\/posts\/161807\/revisions"}],"wp:attachment":[{"href":"https:\/\/diariodominicano.com\/index.php?rest_route=%2Fwp%2Fv2%2Fmedia&parent=161807"}],"wp:term":[{"taxonomy":"category","embeddable":true,"href":"https:\/\/diariodominicano.com\/index.php?rest_route=%2Fwp%2Fv2%2Fcategories&post=161807"},{"taxonomy":"post_tag","embeddable":true,"href":"https:\/\/diariodominicano.com\/index.php?rest_route=%2Fwp%2Fv2%2Ftags&post=161807"}],"curies":[{"name":"wp","href":"https:\/\/api.w.org\/{rel}","templated":true}]}}