{"id":161805,"date":"2014-10-23T02:41:20","date_gmt":"2014-10-23T02:41:20","guid":{"rendered":"http:\/\/diariodominicano.ddns.net\/?p=161805"},"modified":"2014-10-23T02:41:20","modified_gmt":"2014-10-23T02:41:20","slug":"luis-abinader-dice-su-pleito-no-es-con-hipolito-sino-con-leonel-fernandez-y-danilo-medina","status":"publish","type":"post","link":"https:\/\/diariodominicano.com\/?p=161805","title":{"rendered":"Luis Abinader  dice su pleito no es con Hip\u00f3lito, sino con Leonel Fern\u00e1ndez y Danilo Medina"},"content":{"rendered":"<p><body><\/p>\n<p><img decoding=\"async\" src=\"img3\/Luis.JPG\" \/>  <\/p>\n<p><span class=\"text1noticias\">Nueva York, EE.UU., 23 de octubre.- Decenas de dirigentes y simpatizantes del Partido Revolucionario Moderno (PRM) recibieron al aspirante presidencial Luis Abinader, quien arrib\u00f3 este mi\u00e9rcoles a esta ciudad por el Aeropuerto Internacional Jhon F. Kennedy.<\/span><\/p>\n<p><span class=\"text1noticias\"> <\/span><\/p>\n<p><span class=\"text1noticias\">\u00abYo no tengo que pelear con Hip\u00f3lito Mejia ni con otros compa\u00f1eros. El pleito m\u00edo es con Leonel Fern\u00e1ndez, Danilo Medina y el PLD, que est\u00e1n destruyendo a la Rep\u00fablica Dominicana, y quienes han encabezado los gobiernos m\u00e1s indolententes y corruptos de la historia\u00bb, declar\u00f3 enf\u00e1ticamente Abinader a los periodistas que lo cuestionaron.<\/span><\/p>\n<p><span class=\"text1noticias\"> <\/span><\/p>\n<p><span class=\"text1noticias\">Abinader lleg\u00f3 acompa\u00f1ado de una comitiva encabezada por Tony Pe\u00f1a Guaba, coordinador de su campa\u00f1a; Mercedes Pichardo, asistente pol\u00edtica y Carlos George, director de la Avanzada Pol\u00edtica.<\/span><\/p>\n<p><span class=\"text1noticias\"> <\/span><\/p>\n<p><span class=\"text1noticias\">El dirigente pol\u00edtico y economista agotar\u00e1 una apretada agenda que incluyen reuniones y encuentros con su equipo pol\u00edtico y de direcci\u00f3n en Nueva York, que coordina Alejandro Rodr\u00edguez (Tont\u00f3n) y Margarito Carlos De Le\u00f3n, quien es el coordinador de Ultramar de la campa\u00f1a.<\/span><\/p>\n<p><span class=\"text1noticias\"> <\/span><\/p>\n<p><span class=\"text1noticias\">Abinader sostuvo encuentro con equipo federal de campa\u00f1a y este jueves continuar\u00e1 con otras actividades.<\/span><\/p>\n<p><span class=\"text1noticias\"> <\/span><\/p>\n<p><span class=\"text1noticias\">El dirigente del PRM, est\u00e1 acompa\u00f1ado de Tony Pe\u00f1a Guaba, coordinador general de su campa\u00f1a; Mercedes Pichardo, asistente pol\u00edtica, y Carlos George, director de Avanzada Pol\u00edtica.<\/span><\/p>\n<p><span class=\"text1noticias\"> <\/span><\/p>\n<p><span class=\"text1noticias\">Fue recibido por Jos\u00e9 Carmona, Ofran Portorreal, Julio Paulino, Servia Iris Familia, Magdalena Est\u00e9vez, Emigdio Moronta, Alejandro Rodr\u00edguez (Tont\u00f3n), Rosa P\u00e9rez, Luis Ernesto Ducasse, Ram\u00f3n Amparo, Narciso Ulloa, Modesto Ynoa, Genesys Quezada, Juan Cepeda, Franklin Trinidad y Mary S\u00e1nchez, entre otros.<\/span><\/p>\n<h6> 2014-10-23 02:41:20 <\/h6>\n<p><!--\n<link rel=\"stylesheet\" href=\"css\/bootstrap.min.css\">\n\n\n<ul class=\"pagination\">\n\t    \n\t\n\n<li >\n\t<a href='?page_no=14273'>Previous<\/a>\n\t<\/li>\n\n\n       \n    \n\n<li><a href='?page_no=1'>1<\/a><\/li>\n\n\n\n<li><a href='?page_no=2'>2<\/a><\/li>\n\n\n\n<li><a>...<\/a><\/li>\n\n\n\n<li><a href='?page_no=14272'>14272<\/a><\/li>\n\n\n\n<li><a href='?page_no=14273'>14273<\/a><\/li>\n\n\n\n<li class='active'><a>14274<\/a><\/li>\n\n\n\n<li><a href='?page_no=14275'>14275<\/a><\/li>\n\n\n\n<li><a href='?page_no=14276'>14276<\/a><\/li>\n\n\n\n<li><a>...<\/a><\/li>\n\n\n\n<li><a href='?page_no=36999'>36999<\/a><\/li>\n\n\n\n<li><a href='?page_no=37000'>37000<\/a><\/li>\n\n    \n\t\n\n<li >\n\t<a href='?page_no=14275'>Next<\/a>\n\t<\/li>\n\n\n    \n\n<li><a href='?page_no=37000'>Last &rsaquo;&rsaquo;<\/a><\/li>\n\n<\/ul>\n\n\n--><br \/>\n<\/body><\/p>\n","protected":false},"excerpt":{"rendered":"<p>Nueva York, EE.UU., 23 de octubre.- Decenas de dirigentes y simpatizantes del Partido Revolucionario Moderno (PRM) recibieron al aspirante presidencial Luis Abinader, quien arrib\u00f3 este mi\u00e9rcoles a esta ciudad por el Aeropuerto Internacional Jhon F. Kennedy. \u00abYo no tengo que pelear con Hip\u00f3lito Mejia ni con otros compa\u00f1eros. El pleito m\u00edo es con Leonel Fern\u00e1ndez, [&hellip;]<\/p>\n","protected":false},"author":3,"featured_media":0,"comment_status":"open","ping_status":"open","sticky":false,"template":"","format":"standard","meta":{"footnotes":""},"categories":[22],"tags":[],"class_list":["post-161805","post","type-post","status-publish","format-standard","hentry","category-politica"],"_links":{"self":[{"href":"https:\/\/diariodominicano.com\/index.php?rest_route=\/wp\/v2\/posts\/161805","targetHints":{"allow":["GET"]}}],"collection":[{"href":"https:\/\/diariodominicano.com\/index.php?rest_route=\/wp\/v2\/posts"}],"about":[{"href":"https:\/\/diariodominicano.com\/index.php?rest_route=\/wp\/v2\/types\/post"}],"author":[{"embeddable":true,"href":"https:\/\/diariodominicano.com\/index.php?rest_route=\/wp\/v2\/users\/3"}],"replies":[{"embeddable":true,"href":"https:\/\/diariodominicano.com\/index.php?rest_route=%2Fwp%2Fv2%2Fcomments&post=161805"}],"version-history":[{"count":0,"href":"https:\/\/diariodominicano.com\/index.php?rest_route=\/wp\/v2\/posts\/161805\/revisions"}],"wp:attachment":[{"href":"https:\/\/diariodominicano.com\/index.php?rest_route=%2Fwp%2Fv2%2Fmedia&parent=161805"}],"wp:term":[{"taxonomy":"category","embeddable":true,"href":"https:\/\/diariodominicano.com\/index.php?rest_route=%2Fwp%2Fv2%2Fcategories&post=161805"},{"taxonomy":"post_tag","embeddable":true,"href":"https:\/\/diariodominicano.com\/index.php?rest_route=%2Fwp%2Fv2%2Ftags&post=161805"}],"curies":[{"name":"wp","href":"https:\/\/api.w.org\/{rel}","templated":true}]}}