{"id":161804,"date":"2014-10-23T03:22:31","date_gmt":"2014-10-23T03:22:31","guid":{"rendered":"http:\/\/diariodominicano.ddns.net\/?p=161804"},"modified":"2014-10-23T03:22:31","modified_gmt":"2014-10-23T03:22:31","slug":"parlacen-elige-nueva-directiva","status":"publish","type":"post","link":"https:\/\/diariodominicano.com\/?p=161804","title":{"rendered":"PARLACEN elige nueva directiva"},"content":{"rendered":"<p><body><\/p>\n<p><img decoding=\"async\" src=\"img3\/JUAN-PABLO-PLACIDO.jpg\" \/>  <\/p>\n<p><span class=\"text1noticias\">Santo Domingo, R. D., 22 de octubre.- El Parlamento Centroamericano, PARLACEN, eligi\u00f3 una nueva Junta Directiva para el per\u00edodo 2014-2015 en una jornada realizada en la sede de este organismo regional, en Guatemala.<\/span><\/p>\n<p><span class=\"text1noticias\"> <\/span><\/p>\n<p><span class=\"text1noticias\">La presidencia que se rota por orden alfab\u00e9tico fue asumida por el estado de Honduras en una disputa entre cuatro candidatos que movi\u00f3 a una segunda ronda de votaciones donde result\u00f3 electo como presidente del PARLACEN el diputado Armando Bardales.<\/span><\/p>\n<p><span class=\"text1noticias\"> <\/span><\/p>\n<p><span class=\"text1noticias\">Por Rep\u00fablica Dominicana el peledeista Juan Pablo Pl\u00e1cido gan\u00f3 la vicepresidencia, mientras que Mayra Josefina Tav\u00e1rez Aristy del Bloque Institucional Socialdem\u00f3crata, BIS, result\u00f3 electa como Secretaria.<\/span><\/p>\n<p><span class=\"text1noticias\"> <\/span><\/p>\n<p><span class=\"text1noticias\">Por Guatemala el exvicemantario Rafael Espada obtuvo la vicepresidencia del PARLACEN y Marco Vinicio Herrera la secretar\u00eda; y por El Salvador William Sandoval y Hemes Flores.<\/span><\/p>\n<p><span class=\"text1noticias\"> <\/span><\/p>\n<p><span class=\"text1noticias\">Por Nicaragua fueron electos Orlando Tardencilla y Luis Sarante; por Panam\u00e1 Cirilo Salas y Gilberto Succari.  La Secretar\u00eda de Honduras recay\u00f3 en H\u00e9ctor Vidal Cerrato.<\/span><\/p>\n<p><span class=\"text1noticias\"> <\/span><\/p>\n<p><span class=\"text1noticias\">Este 28 de octubre ser\u00e1 la juramentaci\u00f3n de los nuevos incumbentes del PARLACEN, fecha en la que la actual presidenta Paula Rodr\u00edguez culmina su mandato junto al resto de los directivos de cada pa\u00eds mie<\/span>mbro.<\/p>\n<h6> 2014-10-23 03:22:31 <\/h6>\n<p><!--\n<link rel=\"stylesheet\" href=\"css\/bootstrap.min.css\">\n\n\n<ul class=\"pagination\">\n\t    \n\t\n\n<li >\n\t<a href='?page_no=14272'>Previous<\/a>\n\t<\/li>\n\n\n       \n    \n\n<li><a href='?page_no=1'>1<\/a><\/li>\n\n\n\n<li><a href='?page_no=2'>2<\/a><\/li>\n\n\n\n<li><a>...<\/a><\/li>\n\n\n\n<li><a href='?page_no=14271'>14271<\/a><\/li>\n\n\n\n<li><a href='?page_no=14272'>14272<\/a><\/li>\n\n\n\n<li class='active'><a>14273<\/a><\/li>\n\n\n\n<li><a href='?page_no=14274'>14274<\/a><\/li>\n\n\n\n<li><a href='?page_no=14275'>14275<\/a><\/li>\n\n\n\n<li><a>...<\/a><\/li>\n\n\n\n<li><a href='?page_no=36999'>36999<\/a><\/li>\n\n\n\n<li><a href='?page_no=37000'>37000<\/a><\/li>\n\n    \n\t\n\n<li >\n\t<a href='?page_no=14274'>Next<\/a>\n\t<\/li>\n\n\n    \n\n<li><a href='?page_no=37000'>Last &rsaquo;&rsaquo;<\/a><\/li>\n\n<\/ul>\n\n\n--><br \/>\n<\/body><\/p>\n","protected":false},"excerpt":{"rendered":"<p>Santo Domingo, R. D., 22 de octubre.- El Parlamento Centroamericano, PARLACEN, eligi\u00f3 una nueva Junta Directiva para el per\u00edodo 2014-2015 en una jornada realizada en la sede de este organismo regional, en Guatemala. La presidencia que se rota por orden alfab\u00e9tico fue asumida por el estado de Honduras en una disputa entre cuatro candidatos que [&hellip;]<\/p>\n","protected":false},"author":3,"featured_media":0,"comment_status":"open","ping_status":"open","sticky":false,"template":"","format":"standard","meta":{"footnotes":""},"categories":[22],"tags":[],"class_list":["post-161804","post","type-post","status-publish","format-standard","hentry","category-politica"],"_links":{"self":[{"href":"https:\/\/diariodominicano.com\/index.php?rest_route=\/wp\/v2\/posts\/161804","targetHints":{"allow":["GET"]}}],"collection":[{"href":"https:\/\/diariodominicano.com\/index.php?rest_route=\/wp\/v2\/posts"}],"about":[{"href":"https:\/\/diariodominicano.com\/index.php?rest_route=\/wp\/v2\/types\/post"}],"author":[{"embeddable":true,"href":"https:\/\/diariodominicano.com\/index.php?rest_route=\/wp\/v2\/users\/3"}],"replies":[{"embeddable":true,"href":"https:\/\/diariodominicano.com\/index.php?rest_route=%2Fwp%2Fv2%2Fcomments&post=161804"}],"version-history":[{"count":0,"href":"https:\/\/diariodominicano.com\/index.php?rest_route=\/wp\/v2\/posts\/161804\/revisions"}],"wp:attachment":[{"href":"https:\/\/diariodominicano.com\/index.php?rest_route=%2Fwp%2Fv2%2Fmedia&parent=161804"}],"wp:term":[{"taxonomy":"category","embeddable":true,"href":"https:\/\/diariodominicano.com\/index.php?rest_route=%2Fwp%2Fv2%2Fcategories&post=161804"},{"taxonomy":"post_tag","embeddable":true,"href":"https:\/\/diariodominicano.com\/index.php?rest_route=%2Fwp%2Fv2%2Ftags&post=161804"}],"curies":[{"name":"wp","href":"https:\/\/api.w.org\/{rel}","templated":true}]}}