{"id":161803,"date":"2014-10-23T13:34:36","date_gmt":"2014-10-23T13:34:36","guid":{"rendered":"http:\/\/diariodominicano.ddns.net\/?p=161803"},"modified":"2014-10-23T13:34:36","modified_gmt":"2014-10-23T13:34:36","slug":"hipolito-mejia-llama-a-sus-seguidores-a-mantener-la-unidad-en-el-prm","status":"publish","type":"post","link":"https:\/\/diariodominicano.com\/?p=161803","title":{"rendered":"&#13;Hip\u00f3lito Mej\u00eda llama a sus seguidores a mantener la unidad en el PRM"},"content":{"rendered":"<p><body><\/p>\n<p><img decoding=\"async\" src=\"img3\/hipo 23.jpeg\" \/>  <\/p>\n<p>San Crist\u00f3bal RD 23 octubre.- El expresidente Hip\u00f3lito Mej\u00eda llam\u00f3 a sus seguidores a cuidar la unidad  del Partido revolucionario Moderno (PRM)  y a no replicar experiencias negativas del pasado.<\/p>\n<\/p>\n<p>Afirm\u00f3 que la sociedad dominicana conf\u00eda en el PRM  y la Convergencia por un mejor pa\u00eds,  \u00abpara salir de la grave situaci\u00f3n econ\u00f3mica y social que vive\u00bb.<\/p>\n<\/p>\n<p>Expres\u00f3 no que no tiene dudas de que, de mantener su ritmo de crecimiento, el PRM saldr\u00e1  victorioso en la pr\u00f3xima contienda  electoral.<\/p>\n<\/p>\n<p>Al recibir el respaldo de dirigentes PRM del municipio Santo Domingo Este, quienes le externaron  su apoyo y a la vez le solicitaron que acepte la candidatura presidencial por la organizaci\u00f3n, Mej\u00eda asegur\u00f3 que  esa organizaci\u00f3n  naci\u00f3 con pantalones largos, \u00abcon cerca de un  41 por ciento del favor del electorado nacional\u00bb.<\/p>\n<\/p>\n<p> Manifest\u00f3 que la prioridad del PRM en este momento debe ser organizar la estructura del partido a nivel nacional, con en el Comit\u00e9 Ejecutivo, la Comisi\u00f3n Pol\u00edtica y dem\u00e1s \u00f3rganos partidarios.<\/p>\n<\/p>\n<p>Mej\u00eda dijo que la sociedad dominicana  no perdonar\u00eda que los dirigentes  del PRM y sus miembros desarrollen ambiciones personales incontrolables que provoquen los pleitos y rebati\u00f1as que lesionen esa unidad exhibida.<\/p>\n<\/p>\n<p>En el acto Hip\u00f3lito Mej\u00eda estuvo encabezado por Domingo Batista, M\u00e1ximo P\u00e9rez,  Robert Arias, Adriano Roa, Marcos Lebr\u00f3n, Heriberto Regalado, Franklin Marte, Negro Matos, Fernando Qui\u00f1ones, Nelsi Trinidad, Gladys Amparo, Antonio F\u00e9liz, Gregorio Caimares y Antonio (To\u00f1o) Ruiz, entre otros.<\/p>\n<\/p>\n<h6> 2014-10-23 13:34:36 <\/h6>\n<p><!--\n<link rel=\"stylesheet\" href=\"css\/bootstrap.min.css\">\n\n\n<ul class=\"pagination\">\n\t    \n\t\n\n<li >\n\t<a href='?page_no=14271'>Previous<\/a>\n\t<\/li>\n\n\n       \n    \n\n<li><a href='?page_no=1'>1<\/a><\/li>\n\n\n\n<li><a href='?page_no=2'>2<\/a><\/li>\n\n\n\n<li><a>...<\/a><\/li>\n\n\n\n<li><a href='?page_no=14270'>14270<\/a><\/li>\n\n\n\n<li><a href='?page_no=14271'>14271<\/a><\/li>\n\n\n\n<li class='active'><a>14272<\/a><\/li>\n\n\n\n<li><a href='?page_no=14273'>14273<\/a><\/li>\n\n\n\n<li><a href='?page_no=14274'>14274<\/a><\/li>\n\n\n\n<li><a>...<\/a><\/li>\n\n\n\n<li><a href='?page_no=36999'>36999<\/a><\/li>\n\n\n\n<li><a href='?page_no=37000'>37000<\/a><\/li>\n\n    \n\t\n\n<li >\n\t<a href='?page_no=14273'>Next<\/a>\n\t<\/li>\n\n\n    \n\n<li><a href='?page_no=37000'>Last &rsaquo;&rsaquo;<\/a><\/li>\n\n<\/ul>\n\n\n--><br \/>\n<\/body><\/p>\n","protected":false},"excerpt":{"rendered":"<p>San Crist\u00f3bal RD 23 octubre.- El expresidente Hip\u00f3lito Mej\u00eda llam\u00f3 a sus seguidores a cuidar la unidad del Partido revolucionario Moderno (PRM) y a no replicar experiencias negativas del pasado. Afirm\u00f3 que la sociedad dominicana conf\u00eda en el PRM y la Convergencia por un mejor pa\u00eds, \u00abpara salir de la grave situaci\u00f3n econ\u00f3mica y social [&hellip;]<\/p>\n","protected":false},"author":3,"featured_media":0,"comment_status":"open","ping_status":"open","sticky":false,"template":"","format":"standard","meta":{"footnotes":""},"categories":[22],"tags":[],"class_list":["post-161803","post","type-post","status-publish","format-standard","hentry","category-politica"],"_links":{"self":[{"href":"https:\/\/diariodominicano.com\/index.php?rest_route=\/wp\/v2\/posts\/161803","targetHints":{"allow":["GET"]}}],"collection":[{"href":"https:\/\/diariodominicano.com\/index.php?rest_route=\/wp\/v2\/posts"}],"about":[{"href":"https:\/\/diariodominicano.com\/index.php?rest_route=\/wp\/v2\/types\/post"}],"author":[{"embeddable":true,"href":"https:\/\/diariodominicano.com\/index.php?rest_route=\/wp\/v2\/users\/3"}],"replies":[{"embeddable":true,"href":"https:\/\/diariodominicano.com\/index.php?rest_route=%2Fwp%2Fv2%2Fcomments&post=161803"}],"version-history":[{"count":0,"href":"https:\/\/diariodominicano.com\/index.php?rest_route=\/wp\/v2\/posts\/161803\/revisions"}],"wp:attachment":[{"href":"https:\/\/diariodominicano.com\/index.php?rest_route=%2Fwp%2Fv2%2Fmedia&parent=161803"}],"wp:term":[{"taxonomy":"category","embeddable":true,"href":"https:\/\/diariodominicano.com\/index.php?rest_route=%2Fwp%2Fv2%2Fcategories&post=161803"},{"taxonomy":"post_tag","embeddable":true,"href":"https:\/\/diariodominicano.com\/index.php?rest_route=%2Fwp%2Fv2%2Ftags&post=161803"}],"curies":[{"name":"wp","href":"https:\/\/api.w.org\/{rel}","templated":true}]}}