{"id":161802,"date":"2014-10-23T15:13:13","date_gmt":"2014-10-23T15:13:13","guid":{"rendered":"http:\/\/diariodominicano.ddns.net\/?p=161802"},"modified":"2014-10-23T15:13:13","modified_gmt":"2014-10-23T15:13:13","slug":"pared-perez-rechaza-condena-cidh-dice-rd-tiene-derecho-de-repatriar-a-todo-el-que-este-ilegal","status":"publish","type":"post","link":"https:\/\/diariodominicano.com\/?p=161802","title":{"rendered":"Pared P\u00e9rez rechaza condena CIDH; dice RD tiene derecho de repatriar a todo el que est\u00e9 ilegal"},"content":{"rendered":"<p><body><\/p>\n<p><img decoding=\"async\" src=\"img3\/perez 23.jpg\" \/>  <\/p>\n<p>Santo Domingo RD 23 octubre.- El senador y secretario general del Partido de la Liberaci\u00f3n Dominicana (PLD), Reinaldo Pared P\u00e9rez, rechaz\u00f3 el informe de la Corte Interamericana de los Derechos Humanos, al acusar a la Rep\u00fablica Dominicana de repatriar a 14 personas de ascendencia haitiana.<\/p>\n<\/p>\n<p>Expres\u00f3 que la Rep\u00fablica Dominicana tiene todo el derecho de repatriar a toda persona que se encuentre de manera ilegal en territorio dominicano sea de la nacionalidad que fuera. <\/p>\n<\/p>\n<p>\u00abQue   se cansen de seguir condenado a la Rep\u00fablica Dominicana, pero el pa\u00eds tiene todo el derecho de repatriar a todos aquellos que se encuentren de manera ilegal, ese es un derecho que le asiste a la naci\u00f3n dominicana y al que nunca se debe renunciar\u00bb, sentenci\u00f3 Pared P\u00e9rez.. <\/p>\n<\/p>\n<p>Pared P\u00e9rez manifest\u00f3 que las repatriaciones es un derecho al que nunca la naci\u00f3n dominicana puede renunciar. <\/p>\n<\/p>\n<p>El legislador  por el Distrito Nacional expres\u00f3 que a todo extranjero ilegal que se encuentre, no solamente en la Rep\u00fablica Dominicana, sino  tambi\u00e9n en cualquier otro pa\u00eds, las autoridades de esa naci\u00f3n,  ll\u00e1mese como se llame, tienen derecho a tomar las medidas pertinentes cuando se trate de ciudadanos que se encuentren ilegales. <\/p>\n<\/p>\n<p>Rechaz\u00f3 categ\u00f3ricamente  esa decisi\u00f3n la que calific\u00f3 de aberrante de la Corte Interamericana de los Derechos Humanos, y dijo que siempre son prejuiciadas atentando contra la soberan\u00eda dominicana. <\/p>\n<\/p>\n<p>La Corte Interamericana de Derechos Humanos (CIDH) acus\u00f3 a Rep\u00fablica Dominicana de cometer violaciones de derechos contra dominicanos hijos de extranjeros en situaciones migratorias irregulares y de irrespeto a la Convenci\u00f3n Americana con la aplicaci\u00f3n de la Sentencia 168\/13 y de la Ley 169-14.<\/p>\n<\/p>\n<h6> 2014-10-23 15:13:13 <\/h6>\n<p><!--\n<link rel=\"stylesheet\" href=\"css\/bootstrap.min.css\">\n\n\n<ul class=\"pagination\">\n\t    \n\t\n\n<li >\n\t<a href='?page_no=14270'>Previous<\/a>\n\t<\/li>\n\n\n       \n    \n\n<li><a href='?page_no=1'>1<\/a><\/li>\n\n\n\n<li><a href='?page_no=2'>2<\/a><\/li>\n\n\n\n<li><a>...<\/a><\/li>\n\n\n\n<li><a href='?page_no=14269'>14269<\/a><\/li>\n\n\n\n<li><a href='?page_no=14270'>14270<\/a><\/li>\n\n\n\n<li class='active'><a>14271<\/a><\/li>\n\n\n\n<li><a href='?page_no=14272'>14272<\/a><\/li>\n\n\n\n<li><a href='?page_no=14273'>14273<\/a><\/li>\n\n\n\n<li><a>...<\/a><\/li>\n\n\n\n<li><a href='?page_no=36999'>36999<\/a><\/li>\n\n\n\n<li><a href='?page_no=37000'>37000<\/a><\/li>\n\n    \n\t\n\n<li >\n\t<a href='?page_no=14272'>Next<\/a>\n\t<\/li>\n\n\n    \n\n<li><a href='?page_no=37000'>Last &rsaquo;&rsaquo;<\/a><\/li>\n\n<\/ul>\n\n\n--><br \/>\n<\/body><\/p>\n","protected":false},"excerpt":{"rendered":"<p>Santo Domingo RD 23 octubre.- El senador y secretario general del Partido de la Liberaci\u00f3n Dominicana (PLD), Reinaldo Pared P\u00e9rez, rechaz\u00f3 el informe de la Corte Interamericana de los Derechos Humanos, al acusar a la Rep\u00fablica Dominicana de repatriar a 14 personas de ascendencia haitiana. Expres\u00f3 que la Rep\u00fablica Dominicana tiene todo el derecho de [&hellip;]<\/p>\n","protected":false},"author":3,"featured_media":0,"comment_status":"open","ping_status":"open","sticky":false,"template":"","format":"standard","meta":{"footnotes":""},"categories":[22],"tags":[],"class_list":["post-161802","post","type-post","status-publish","format-standard","hentry","category-politica"],"_links":{"self":[{"href":"https:\/\/diariodominicano.com\/index.php?rest_route=\/wp\/v2\/posts\/161802","targetHints":{"allow":["GET"]}}],"collection":[{"href":"https:\/\/diariodominicano.com\/index.php?rest_route=\/wp\/v2\/posts"}],"about":[{"href":"https:\/\/diariodominicano.com\/index.php?rest_route=\/wp\/v2\/types\/post"}],"author":[{"embeddable":true,"href":"https:\/\/diariodominicano.com\/index.php?rest_route=\/wp\/v2\/users\/3"}],"replies":[{"embeddable":true,"href":"https:\/\/diariodominicano.com\/index.php?rest_route=%2Fwp%2Fv2%2Fcomments&post=161802"}],"version-history":[{"count":0,"href":"https:\/\/diariodominicano.com\/index.php?rest_route=\/wp\/v2\/posts\/161802\/revisions"}],"wp:attachment":[{"href":"https:\/\/diariodominicano.com\/index.php?rest_route=%2Fwp%2Fv2%2Fmedia&parent=161802"}],"wp:term":[{"taxonomy":"category","embeddable":true,"href":"https:\/\/diariodominicano.com\/index.php?rest_route=%2Fwp%2Fv2%2Fcategories&post=161802"},{"taxonomy":"post_tag","embeddable":true,"href":"https:\/\/diariodominicano.com\/index.php?rest_route=%2Fwp%2Fv2%2Ftags&post=161802"}],"curies":[{"name":"wp","href":"https:\/\/api.w.org\/{rel}","templated":true}]}}