{"id":161799,"date":"2014-10-23T17:31:26","date_gmt":"2014-10-23T17:31:26","guid":{"rendered":"http:\/\/diariodominicano.ddns.net\/?p=161799"},"modified":"2014-10-23T17:31:26","modified_gmt":"2014-10-23T17:31:26","slug":"dirigente-del-prm-asegura-no-habra-division-como-en-el-prd","status":"publish","type":"post","link":"https:\/\/diariodominicano.com\/?p=161799","title":{"rendered":"&#13;&#13;Dirigente del PRM asegura no habr\u00e1 divisi\u00f3n como en el PRD"},"content":{"rendered":"<p><body><\/p>\n<p><img decoding=\"async\" src=\"http:\/\/localhost:8080\/img3\/CHU.jpg\" \/>  <\/p>\n<\/p>\n<p>Santo Domingo, RD, 23 de octubre.- El dirigente del Partido Revolucionario Moderno, Jes\u00fas V\u00e1zquez Mart\u00ednez (ch\u00fa), dijo que har\u00e1n un partido diferente y organizado en el que no tendr\u00e1n problemas para escoger a sus candidatos, ya que   a trav\u00e9s de un compromiso de unidad por m\u00e1s crisis que haya no habr\u00e1 divisi\u00f3n como en el PRD.<\/p>\n<\/p>\n<p>Por otro lado critic\u00f3 al gobierno del Partido de la Liberaci\u00f3n Dominicana, catalog\u00e1ndolo como la verg\u00fcenza del pa\u00eds en materia de corrupci\u00f3n, falta de transparencia, violencia y criminalidad. <\/p>\n<\/p>\n<p>Manifest\u00f3 que el PLD es una organizaci\u00f3n que tiene monopolizado no solo el sistema pol\u00edtico y econ\u00f3mico, si no tambi\u00e9n a los medios de comunicaci\u00f3n.<\/p>\n<\/p>\n<p>V\u00e1zquez expres\u00f3 estas consideraciones al ser entrevistado en el programa Pantalla Abierta que se transmite de lunes a viernes de 6-9 am por el canal 36, conducido por el doctor Rafael Franco, la periodista Zonia Tejada, los ingenieros Tom\u00e1s Hern\u00e1ndez y Johnny Marte.<\/p>\n<h6> 2014-10-23 17:31:26 <\/h6>\n<p><!--\n<link rel=\"stylesheet\" href=\"css\/bootstrap.min.css\">\n\n\n<ul class=\"pagination\">\n\t    \n\t\n\n<li >\n\t<a href='?page_no=14268'>Previous<\/a>\n\t<\/li>\n\n\n       \n    \n\n<li><a href='?page_no=1'>1<\/a><\/li>\n\n\n\n<li><a href='?page_no=2'>2<\/a><\/li>\n\n\n\n<li><a>...<\/a><\/li>\n\n\n\n<li><a href='?page_no=14267'>14267<\/a><\/li>\n\n\n\n<li><a href='?page_no=14268'>14268<\/a><\/li>\n\n\n\n<li class='active'><a>14269<\/a><\/li>\n\n\n\n<li><a href='?page_no=14270'>14270<\/a><\/li>\n\n\n\n<li><a href='?page_no=14271'>14271<\/a><\/li>\n\n\n\n<li><a>...<\/a><\/li>\n\n\n\n<li><a href='?page_no=36999'>36999<\/a><\/li>\n\n\n\n<li><a href='?page_no=37000'>37000<\/a><\/li>\n\n    \n\t\n\n<li >\n\t<a href='?page_no=14270'>Next<\/a>\n\t<\/li>\n\n\n    \n\n<li><a href='?page_no=37000'>Last &rsaquo;&rsaquo;<\/a><\/li>\n\n<\/ul>\n\n\n--><br \/>\n<\/body><\/p>\n","protected":false},"excerpt":{"rendered":"<p>Santo Domingo, RD, 23 de octubre.- El dirigente del Partido Revolucionario Moderno, Jes\u00fas V\u00e1zquez Mart\u00ednez (ch\u00fa), dijo que har\u00e1n un partido diferente y organizado en el que no tendr\u00e1n problemas para escoger a sus candidatos, ya que a trav\u00e9s de un compromiso de unidad por m\u00e1s crisis que haya no habr\u00e1 divisi\u00f3n como en el [&hellip;]<\/p>\n","protected":false},"author":3,"featured_media":0,"comment_status":"open","ping_status":"open","sticky":false,"template":"","format":"standard","meta":{"footnotes":""},"categories":[22],"tags":[],"class_list":["post-161799","post","type-post","status-publish","format-standard","hentry","category-politica"],"_links":{"self":[{"href":"https:\/\/diariodominicano.com\/index.php?rest_route=\/wp\/v2\/posts\/161799","targetHints":{"allow":["GET"]}}],"collection":[{"href":"https:\/\/diariodominicano.com\/index.php?rest_route=\/wp\/v2\/posts"}],"about":[{"href":"https:\/\/diariodominicano.com\/index.php?rest_route=\/wp\/v2\/types\/post"}],"author":[{"embeddable":true,"href":"https:\/\/diariodominicano.com\/index.php?rest_route=\/wp\/v2\/users\/3"}],"replies":[{"embeddable":true,"href":"https:\/\/diariodominicano.com\/index.php?rest_route=%2Fwp%2Fv2%2Fcomments&post=161799"}],"version-history":[{"count":0,"href":"https:\/\/diariodominicano.com\/index.php?rest_route=\/wp\/v2\/posts\/161799\/revisions"}],"wp:attachment":[{"href":"https:\/\/diariodominicano.com\/index.php?rest_route=%2Fwp%2Fv2%2Fmedia&parent=161799"}],"wp:term":[{"taxonomy":"category","embeddable":true,"href":"https:\/\/diariodominicano.com\/index.php?rest_route=%2Fwp%2Fv2%2Fcategories&post=161799"},{"taxonomy":"post_tag","embeddable":true,"href":"https:\/\/diariodominicano.com\/index.php?rest_route=%2Fwp%2Fv2%2Ftags&post=161799"}],"curies":[{"name":"wp","href":"https:\/\/api.w.org\/{rel}","templated":true}]}}