{"id":161798,"date":"2014-10-23T17:41:49","date_gmt":"2014-10-23T17:41:49","guid":{"rendered":"http:\/\/diariodominicano.ddns.net\/?p=161798"},"modified":"2014-10-23T17:41:49","modified_gmt":"2014-10-23T17:41:49","slug":"pina-toribio-unico-partido-con-preocupaciones-por-la-calidad-politica-pese-a-su-apertura","status":"publish","type":"post","link":"https:\/\/diariodominicano.com\/?p=161798","title":{"rendered":"&#13;&#13;Pina Toribio: \u00fanico partido con preocupaciones por la  calidad pol\u00edtica pese a su apertura"},"content":{"rendered":"<p><body><\/p>\n<p><img decoding=\"async\" src=\"img3\/pina.jpg\" \/>  <\/p>\n<\/p>\n<\/p>\n<p><span class=\"text1noticias\"> <\/span><\/p>\n<p><span class=\"text1noticias\">Santo Domingo, RD, 23 de octubre.- C\u00e9sar Pina Toribio, miembro del Comit\u00e9 Pol\u00edtico del Partido de la Liberaci\u00f3n Dominicana destac\u00f3 que desde su fundaci\u00f3n hasta la fecha,  la organizaci\u00f3n mas apegada a la calidad pol\u00edtica,  es el PLD.<\/span><\/p>\n<p><span class=\"text1noticias\"> <\/span><\/p>\n<p><span class=\"text1noticias\">El tambi\u00e9n Consultor Jur\u00eddico del Poder Ejecutivo particip\u00f3 en el programa Contacto 23 en donde apunt\u00f3 que ese Partido ha tenido preocupaciones, siempre y de manera continua,  por la cualificaci\u00f3n y empe\u00f1o por mantener una organizaci\u00f3n pol\u00edtica con altura.<\/span><\/p>\n<p><span class=\"text1noticias\"> <\/span><\/p>\n<p><span class=\"text1noticias\">Explic\u00f3 que cuando se hizo la transformaci\u00f3n y apertura vari\u00f3 un tanto aquel rigor, pero se mantuvieron criterios de calidad que la poblaci\u00f3n ha valorado en las contiendas electorales<\/span><\/p>\n<p><span class=\"text1noticias\"> <\/span><\/p>\n<p><span class=\"text1noticias\">Pina Torio quien viene de coordinar la Comisi\u00f3n Organizadora del VIII Congreso Ordinario Comandante Norge Botello, record\u00f3 que en ese evento partidario  se adoptaron decisiones muy positivas en aras de rescatar aspectos pol\u00edticos en el seno de la organizaci\u00f3n y que fueron inquietudes de sus miembros.<\/span><\/p>\n<p><span class=\"text1noticias\"> <\/span><\/p>\n<p><span class=\"text1noticias\">\u00abLa compa\u00f1era Alejandrina Germ\u00e1n quien encabeza un proceso de Formaci\u00f3n Pol\u00edtica aplica en esa \u00e1rea, las resoluciones adoptadas en dicho Congreso\u00bb, expres\u00f3 C\u00e9sar Pina Toribio quien destac\u00f3 las expectativas despertadas en los j\u00f3venes ante tal iniciativa<\/span><\/p>\n<p><span class=\"text1noticias\"> <\/span><\/p>\n<p><span class=\"text1noticias\">El dirigente del PLD, C\u00e9sar Pina Toribio, manifest\u00f3 que la meta es retomar s la m\u00edstica en la medida que los tiempos lo permitan, de cara a que el accionar pol\u00edtico responda a un esquema ideol\u00f3gico. \u00abPropuesta program\u00e1tica m\u00e1s o menos bien identificada\u00bb, expuso, al se\u00f1alar que cree en eso y piensa que es algo posible<\/span><\/p>\n<p><span class=\"text1noticias\"> <\/span><\/p>\n<p><span class=\"text1noticias\">Finalmente y preguntado sobre su recuerdo como hombre cercano y conocedor del Profesor Juan Bosch, sostiene que al llegar aquel hombre a quien conoci\u00f3 primero a trav\u00e9s de sus libros, hall\u00f3 a un ser respetuoso, estimulador con su palabra y su ejemplo para que uno fuera el militante que se esperaba al servicio del Partido de la Liberaci\u00f3n Dominicana.<\/span><\/p>\n<p><span class=\"text1noticias\"> <\/span><\/p>\n<p><span class=\"text1noticias\">\u00abVi su inmenso amor al pueblo que no era un cuento o sofisma. Hab\u00eda toda una voluntad organizada para promover las mejores condiciones para este pueblo\u00bb, concluy\u00f3 Pina Toribio, a prop\u00f3sito de la cercan\u00eda del primero de noviembre, fecha del 13 aniversario del fallecimiento del l\u00edder hist\u00f3rico del PLD<\/span><\/p>\n<\/p>\n<h6> 2014-10-23 17:41:49 <\/h6>\n<p><!--\n<link rel=\"stylesheet\" href=\"css\/bootstrap.min.css\">\n\n\n<ul class=\"pagination\">\n\t    \n\t\n\n<li >\n\t<a href='?page_no=14267'>Previous<\/a>\n\t<\/li>\n\n\n       \n    \n\n<li><a href='?page_no=1'>1<\/a><\/li>\n\n\n\n<li><a href='?page_no=2'>2<\/a><\/li>\n\n\n\n<li><a>...<\/a><\/li>\n\n\n\n<li><a href='?page_no=14266'>14266<\/a><\/li>\n\n\n\n<li><a href='?page_no=14267'>14267<\/a><\/li>\n\n\n\n<li class='active'><a>14268<\/a><\/li>\n\n\n\n<li><a href='?page_no=14269'>14269<\/a><\/li>\n\n\n\n<li><a href='?page_no=14270'>14270<\/a><\/li>\n\n\n\n<li><a>...<\/a><\/li>\n\n\n\n<li><a href='?page_no=36999'>36999<\/a><\/li>\n\n\n\n<li><a href='?page_no=37000'>37000<\/a><\/li>\n\n    \n\t\n\n<li >\n\t<a href='?page_no=14269'>Next<\/a>\n\t<\/li>\n\n\n    \n\n<li><a href='?page_no=37000'>Last &rsaquo;&rsaquo;<\/a><\/li>\n\n<\/ul>\n\n\n--><br \/>\n<\/body><\/p>\n","protected":false},"excerpt":{"rendered":"<p>Santo Domingo, RD, 23 de octubre.- C\u00e9sar Pina Toribio, miembro del Comit\u00e9 Pol\u00edtico del Partido de la Liberaci\u00f3n Dominicana destac\u00f3 que desde su fundaci\u00f3n hasta la fecha, la organizaci\u00f3n mas apegada a la calidad pol\u00edtica, es el PLD. El tambi\u00e9n Consultor Jur\u00eddico del Poder Ejecutivo particip\u00f3 en el programa Contacto 23 en donde apunt\u00f3 que [&hellip;]<\/p>\n","protected":false},"author":3,"featured_media":0,"comment_status":"open","ping_status":"open","sticky":false,"template":"","format":"standard","meta":{"footnotes":""},"categories":[22],"tags":[],"class_list":["post-161798","post","type-post","status-publish","format-standard","hentry","category-politica"],"_links":{"self":[{"href":"https:\/\/diariodominicano.com\/index.php?rest_route=\/wp\/v2\/posts\/161798","targetHints":{"allow":["GET"]}}],"collection":[{"href":"https:\/\/diariodominicano.com\/index.php?rest_route=\/wp\/v2\/posts"}],"about":[{"href":"https:\/\/diariodominicano.com\/index.php?rest_route=\/wp\/v2\/types\/post"}],"author":[{"embeddable":true,"href":"https:\/\/diariodominicano.com\/index.php?rest_route=\/wp\/v2\/users\/3"}],"replies":[{"embeddable":true,"href":"https:\/\/diariodominicano.com\/index.php?rest_route=%2Fwp%2Fv2%2Fcomments&post=161798"}],"version-history":[{"count":0,"href":"https:\/\/diariodominicano.com\/index.php?rest_route=\/wp\/v2\/posts\/161798\/revisions"}],"wp:attachment":[{"href":"https:\/\/diariodominicano.com\/index.php?rest_route=%2Fwp%2Fv2%2Fmedia&parent=161798"}],"wp:term":[{"taxonomy":"category","embeddable":true,"href":"https:\/\/diariodominicano.com\/index.php?rest_route=%2Fwp%2Fv2%2Fcategories&post=161798"},{"taxonomy":"post_tag","embeddable":true,"href":"https:\/\/diariodominicano.com\/index.php?rest_route=%2Fwp%2Fv2%2Ftags&post=161798"}],"curies":[{"name":"wp","href":"https:\/\/api.w.org\/{rel}","templated":true}]}}