{"id":161797,"date":"2014-10-23T17:51:14","date_gmt":"2014-10-23T17:51:14","guid":{"rendered":"http:\/\/diariodominicano.ddns.net\/?p=161797"},"modified":"2014-10-23T17:51:14","modified_gmt":"2014-10-23T17:51:14","slug":"diputado-teodoro-ursino-reyes-llama-a-direccion-del-pld-a-intervenir-en-match-dominguez-brito-bautista","status":"publish","type":"post","link":"https:\/\/diariodominicano.com\/?p=161797","title":{"rendered":"&#13;&#13;&#13;Diputado Teodoro Ursino Reyes llama a direcci\u00f3n del PLD a intervenir en match Dom\u00ednguez Brito-Bautista"},"content":{"rendered":"<p><body><\/p>\n<p><img decoding=\"async\" src=\"img3\/ursino.jpg\" \/>  <\/p>\n<\/p>\n<\/p>\n<p><span class=\"text1noticias\"> <\/span><\/p>\n<p><span class=\"text1noticias\">Santo Domingo, RD, 23 de octubre.- El diputado del Partido de la Liberaci\u00f3n Dominicana Teodoro Ursino Reyes consider\u00f3 que la alta direcci\u00f3n pelede\u00edsta debe tratar la potencial confrontaci\u00f3n p\u00fablica que existe entre el procurador general de la Rep\u00fablica Francisco Dom\u00ednguez Brito y el senador F\u00e9lix Bautista.<\/span><\/p>\n<p><span class=\"text1noticias\"> <\/span><\/p>\n<p><span class=\"text1noticias\">Ursino Reyes, miembro del Comit\u00e9 Central del PLD, sugiri\u00f3 que la direcci\u00f3n pol\u00edtica del PLD debe poner en agenda este caso, ya que de continuar como va le podr\u00eda afectar pol\u00edticamente.<\/span><\/p>\n<p><span class=\"text1noticias\"> <\/span><\/p>\n<p><span class=\"text1noticias\">\u00abCreo que ha habido un exceso en ambos. Entiendo en sentido general, que nadie est\u00e1 por encima de la ley\u00bb, sentenci\u00f3 Reyes, entrevistado en el programa El Sol de la Ma\u00f1ana, y rese\u00f1ado por la Secretar\u00eda de Comunicaciones del PLD.<\/span><\/p>\n<p><span class=\"text1noticias\"> <\/span><\/p>\n<p><span class=\"text1noticias\">Refiri\u00f3 que el senador por la provincia San Juan de la Maguana manifest\u00f3 que est\u00e1 en disposici\u00f3n de despojarse de su inmunidad parlamentaria para enfrentar cualquier proceso judicial.<\/span><\/p>\n<p><span class=\"text1noticias\"> <\/span><\/p>\n<p><span class=\"text1noticias\">\u00abPero tambi\u00e9n es delicado que un precandidato a la presidencia, que est\u00e9 ocupando una funci\u00f3n p\u00fablica, lleve la voz cantante. Yo no digo que lo haga con esa intenci\u00f3n pero puede ser mal interpretado\u00bb, expuso el legislador y miembro del Comit\u00e9 Central.<\/span><\/p>\n<p><span class=\"text1noticias\"> <\/span><\/p>\n<p><span class=\"text1noticias\">Precis\u00f3 que en esa tesitura lo m\u00e1s conveniente ser\u00eda que Francisco Dom\u00ednguez Brito depusiera de sus aspiraciones o en segundo t\u00e9rmino renunciar a su cargo de Procurador General de la Rep\u00fablica<\/span><\/p>\n<h6> 2014-10-23 17:51:14 <\/h6>\n<p><!--\n<link rel=\"stylesheet\" href=\"css\/bootstrap.min.css\">\n\n\n<ul class=\"pagination\">\n\t    \n\t\n\n<li >\n\t<a href='?page_no=14266'>Previous<\/a>\n\t<\/li>\n\n\n       \n    \n\n<li><a href='?page_no=1'>1<\/a><\/li>\n\n\n\n<li><a href='?page_no=2'>2<\/a><\/li>\n\n\n\n<li><a>...<\/a><\/li>\n\n\n\n<li><a href='?page_no=14265'>14265<\/a><\/li>\n\n\n\n<li><a href='?page_no=14266'>14266<\/a><\/li>\n\n\n\n<li class='active'><a>14267<\/a><\/li>\n\n\n\n<li><a href='?page_no=14268'>14268<\/a><\/li>\n\n\n\n<li><a href='?page_no=14269'>14269<\/a><\/li>\n\n\n\n<li><a>...<\/a><\/li>\n\n\n\n<li><a href='?page_no=36999'>36999<\/a><\/li>\n\n\n\n<li><a href='?page_no=37000'>37000<\/a><\/li>\n\n    \n\t\n\n<li >\n\t<a href='?page_no=14268'>Next<\/a>\n\t<\/li>\n\n\n    \n\n<li><a href='?page_no=37000'>Last &rsaquo;&rsaquo;<\/a><\/li>\n\n<\/ul>\n\n\n--><br \/>\n<\/body><\/p>\n","protected":false},"excerpt":{"rendered":"<p>Santo Domingo, RD, 23 de octubre.- El diputado del Partido de la Liberaci\u00f3n Dominicana Teodoro Ursino Reyes consider\u00f3 que la alta direcci\u00f3n pelede\u00edsta debe tratar la potencial confrontaci\u00f3n p\u00fablica que existe entre el procurador general de la Rep\u00fablica Francisco Dom\u00ednguez Brito y el senador F\u00e9lix Bautista. Ursino Reyes, miembro del Comit\u00e9 Central del PLD, sugiri\u00f3 [&hellip;]<\/p>\n","protected":false},"author":3,"featured_media":0,"comment_status":"open","ping_status":"open","sticky":false,"template":"","format":"standard","meta":{"footnotes":""},"categories":[22],"tags":[],"class_list":["post-161797","post","type-post","status-publish","format-standard","hentry","category-politica"],"_links":{"self":[{"href":"https:\/\/diariodominicano.com\/index.php?rest_route=\/wp\/v2\/posts\/161797","targetHints":{"allow":["GET"]}}],"collection":[{"href":"https:\/\/diariodominicano.com\/index.php?rest_route=\/wp\/v2\/posts"}],"about":[{"href":"https:\/\/diariodominicano.com\/index.php?rest_route=\/wp\/v2\/types\/post"}],"author":[{"embeddable":true,"href":"https:\/\/diariodominicano.com\/index.php?rest_route=\/wp\/v2\/users\/3"}],"replies":[{"embeddable":true,"href":"https:\/\/diariodominicano.com\/index.php?rest_route=%2Fwp%2Fv2%2Fcomments&post=161797"}],"version-history":[{"count":0,"href":"https:\/\/diariodominicano.com\/index.php?rest_route=\/wp\/v2\/posts\/161797\/revisions"}],"wp:attachment":[{"href":"https:\/\/diariodominicano.com\/index.php?rest_route=%2Fwp%2Fv2%2Fmedia&parent=161797"}],"wp:term":[{"taxonomy":"category","embeddable":true,"href":"https:\/\/diariodominicano.com\/index.php?rest_route=%2Fwp%2Fv2%2Fcategories&post=161797"},{"taxonomy":"post_tag","embeddable":true,"href":"https:\/\/diariodominicano.com\/index.php?rest_route=%2Fwp%2Fv2%2Ftags&post=161797"}],"curies":[{"name":"wp","href":"https:\/\/api.w.org\/{rel}","templated":true}]}}