{"id":161796,"date":"2014-10-23T19:21:57","date_gmt":"2014-10-23T19:21:57","guid":{"rendered":"http:\/\/diariodominicano.ddns.net\/?p=161796"},"modified":"2014-10-23T19:21:57","modified_gmt":"2014-10-23T19:21:57","slug":"dominicanos-ny-comienzan-a-integrarse-movimiento-reeleccionista-fupal","status":"publish","type":"post","link":"https:\/\/diariodominicano.com\/?p=161796","title":{"rendered":"Dominicanos NY comienzan a integrarse movimiento reeleccionista FUPAL"},"content":{"rendered":"<p><body><\/p>\n<p><span class=\"text1noticias\">Por Ram\u00f3n Mercedes<\/span><\/p>\n<p><span class=\"text1noticias\"> <\/span><\/p>\n<p><span class=\"text1noticias\">Nueva York, EE.UU., 23 de Octubre.-Dominicanos residentes en esta ciudad y aptos para ejercer el voto en las pr\u00f3ximas elecciones (2016) de la Rep\u00fablica Dominicana y que se encontraban alejados de toda actividad pol\u00edtica, se est\u00e1n integrando al movimiento pol\u00edtico reeleccionista \u00abFuerza Patri\u00f3tica Liberal\u00bb (FUPAL), primero en su g\u00e9nero en los Estados Unidos.<\/span><\/p>\n<p><span class=\"text1noticias\"> <\/span><\/p>\n<p><span class=\"text1noticias\">As\u00ed lo dio a conocer mediante un documento de prensa el secretario de organizaci\u00f3n, Victoriano Francisco, quien se mantiene activamente captando nuevos adeptos para seguir apoyando la obra de gobierno del presidente Medina, entre ellas la lucha contra la corrupci\u00f3n, el Plan Quisqueya Aprende Contigo, el pacto nacional para la Reforma del Sector El\u00e9ctrico y el apoyo financiero a los pobres para que contin\u00faen saliendo de la exclusi\u00f3n social.<\/span><\/p>\n<p><span class=\"text1noticias\"> <\/span><\/p>\n<p><span class=\"text1noticias\">Asimismo, \u00abpara ampliar la revoluci\u00f3n educativa del presidente Medina, una aut\u00e9ntica lucha contra la pobreza y la desigualdad, ya que continuar reproduciendo las desigualdades en la educaci\u00f3n, es imposibilitar la tan anhelada cohesi\u00f3n social, entre otras conquistas\u00bb, indic\u00f3 Francisco.<\/span><\/p>\n<p><span class=\"text1noticias\"> <\/span><\/p>\n<p><span class=\"text1noticias\">El dirigente reeleccionista expres\u00f3 que el trabajo pol\u00edtico tambi\u00e9n lo est\u00e1n realizando en Manhattan, El Bronx, Brooklyn, Queens, Yonkers y otras ciudades, David S\u00e1nchez, presidente de FUPAL, Pedro L\u00f3pez, secretario general, Jos\u00e9 Acevedo, de finanzas, Miguelina N\u00fa\u00f1ez, de la mujer, Santos Acevedo, asuntos comunitarios y Osiris L\u00f3pez, vocero, entre otros.<\/span><\/p>\n<p><span class=\"text1noticias\"> <\/span><\/p>\n<p><span class=\"text1noticias\">Precis\u00f3 que los dominicanos que se han integrados al movimiento reeleccionista han coincidido en que el pa\u00eds est\u00e1 avanzando con Danilo y ellos han podido observar que trabaja para el pueblo y con el pueblo, como lo hace todo los fines de semana, que va en auxilio de los m\u00e1s necesitados que fueron olvidados por gobiernos anteriores, dijo Francisco.<\/span><\/p>\n<p><span class=\"text1noticias\"> <\/span><\/p>\n<p><span class=\"text1noticias\">Los integrantes del movimiento, que se identifica con el lema \u00ab\u00bbHonestidad, Institucionalidad, Moralidad\u00bb, est\u00e1n exponiendo a aquellos criollos que no militan o est\u00e1n alejados de las actividades pol\u00edticas, la necesidad de que el presidente Medina se mantenga por cuatro a\u00f1os m\u00e1s en el poder para poder erradicar la pobreza, la corrupci\u00f3n y adecentar las instituciones p\u00fablicas, normalizar el legendario problema el\u00e9ctrico y poner el campo a producir a toda capacidad, entre otras cosas.<\/span><\/p>\n<p><span class=\"text1noticias\"> <\/span><\/p>\n<p><span class=\"text1noticias\">La direcci\u00f3n del movimiento coincidi\u00f3 en llamar al pa\u00eds y a los dominicanos en el exterior a integrarse masivamente a FUPAL, para garantizar que el presidente Medina termine de cumplir con su promesa de campa\u00f1a, \u00abcorregir lo que est\u00e1 mal, continuar lo que est\u00e1 bien y hacer lo que nunca se ha hecho\u00bb, como en efecto se est\u00e1 haciendo.<\/span><\/p>\n<p><span class=\"text1noticias\">Entre los nuevos integrantes se encuentran Javier Pe\u00f1a; Carlos Marmolejos; Octavio Ram\u00edrez Pe\u00f1a; Altagracia de Contreras; Miguel de Jes\u00fas G\u00f3mez Reyes; Anthony Salcedo R.; Jos\u00e9 Miguel Rivera; Miladys Josefina Gonz\u00e1lez y Elio T. Su\u00e1rez, entre otros.(HG)<\/span>.<\/p>\n<\/p>\n<h6> 2014-10-23 19:21:57 <\/h6>\n<p><!--\n<link rel=\"stylesheet\" href=\"css\/bootstrap.min.css\">\n\n\n<ul class=\"pagination\">\n\t    \n\t\n\n<li >\n\t<a href='?page_no=14265'>Previous<\/a>\n\t<\/li>\n\n\n       \n    \n\n<li><a href='?page_no=1'>1<\/a><\/li>\n\n\n\n<li><a href='?page_no=2'>2<\/a><\/li>\n\n\n\n<li><a>...<\/a><\/li>\n\n\n\n<li><a href='?page_no=14264'>14264<\/a><\/li>\n\n\n\n<li><a href='?page_no=14265'>14265<\/a><\/li>\n\n\n\n<li class='active'><a>14266<\/a><\/li>\n\n\n\n<li><a href='?page_no=14267'>14267<\/a><\/li>\n\n\n\n<li><a href='?page_no=14268'>14268<\/a><\/li>\n\n\n\n<li><a>...<\/a><\/li>\n\n\n\n<li><a href='?page_no=36999'>36999<\/a><\/li>\n\n\n\n<li><a href='?page_no=37000'>37000<\/a><\/li>\n\n    \n\t\n\n<li >\n\t<a href='?page_no=14267'>Next<\/a>\n\t<\/li>\n\n\n    \n\n<li><a href='?page_no=37000'>Last &rsaquo;&rsaquo;<\/a><\/li>\n\n<\/ul>\n\n\n--><br \/>\n<\/body><\/p>\n","protected":false},"excerpt":{"rendered":"<p>Por Ram\u00f3n Mercedes Nueva York, EE.UU., 23 de Octubre.-Dominicanos residentes en esta ciudad y aptos para ejercer el voto en las pr\u00f3ximas elecciones (2016) de la Rep\u00fablica Dominicana y que se encontraban alejados de toda actividad pol\u00edtica, se est\u00e1n integrando al movimiento pol\u00edtico reeleccionista \u00abFuerza Patri\u00f3tica Liberal\u00bb (FUPAL), primero en su g\u00e9nero en los Estados [&hellip;]<\/p>\n","protected":false},"author":3,"featured_media":0,"comment_status":"open","ping_status":"open","sticky":false,"template":"","format":"standard","meta":{"footnotes":""},"categories":[22],"tags":[],"class_list":["post-161796","post","type-post","status-publish","format-standard","hentry","category-politica"],"_links":{"self":[{"href":"https:\/\/diariodominicano.com\/index.php?rest_route=\/wp\/v2\/posts\/161796","targetHints":{"allow":["GET"]}}],"collection":[{"href":"https:\/\/diariodominicano.com\/index.php?rest_route=\/wp\/v2\/posts"}],"about":[{"href":"https:\/\/diariodominicano.com\/index.php?rest_route=\/wp\/v2\/types\/post"}],"author":[{"embeddable":true,"href":"https:\/\/diariodominicano.com\/index.php?rest_route=\/wp\/v2\/users\/3"}],"replies":[{"embeddable":true,"href":"https:\/\/diariodominicano.com\/index.php?rest_route=%2Fwp%2Fv2%2Fcomments&post=161796"}],"version-history":[{"count":0,"href":"https:\/\/diariodominicano.com\/index.php?rest_route=\/wp\/v2\/posts\/161796\/revisions"}],"wp:attachment":[{"href":"https:\/\/diariodominicano.com\/index.php?rest_route=%2Fwp%2Fv2%2Fmedia&parent=161796"}],"wp:term":[{"taxonomy":"category","embeddable":true,"href":"https:\/\/diariodominicano.com\/index.php?rest_route=%2Fwp%2Fv2%2Fcategories&post=161796"},{"taxonomy":"post_tag","embeddable":true,"href":"https:\/\/diariodominicano.com\/index.php?rest_route=%2Fwp%2Fv2%2Ftags&post=161796"}],"curies":[{"name":"wp","href":"https:\/\/api.w.org\/{rel}","templated":true}]}}