{"id":161795,"date":"2014-10-23T20:33:10","date_gmt":"2014-10-23T20:33:10","guid":{"rendered":"http:\/\/diariodominicano.ddns.net\/?p=161795"},"modified":"2014-10-23T20:33:10","modified_gmt":"2014-10-23T20:33:10","slug":"tirso-mejia-ricart-afirma-miguel-varga-maldonado-ha-hecho-de-las-siglas-del-prd-un-buen-negocio","status":"publish","type":"post","link":"https:\/\/diariodominicano.com\/?p=161795","title":{"rendered":"Tirso Mej\u00eda Ricart afirma Miguel Varga Maldonado ha hecho de las siglas del PRD un buen negocio"},"content":{"rendered":"<p><body><\/p>\n<p><img decoding=\"async\" src=\"img3\/Mejia.jpg\" \/>  <\/p>\n<p><span class=\"text1noticias\">Santo Domingo, RD, 23 de Octubre.-El dirigente pol\u00edtico Tirso Mej\u00eda Ricart afirm\u00f3 que el presidente del Partido Revolucionario Dominicano (PRD), Miguel Vargas Maldonado, ha hecho de las siglas de esta organizaci\u00f3n pol\u00edtica un buen negocio para \u00e9l y sus seguidores.<\/span><\/p>\n<\/p>\n<p><span class=\"text1noticias\">Mej\u00eda Ricart expres\u00f3 que Vargas Maldonado ha demostrado tener talento para los negocios, pero no mucho para la pol\u00edtica, situaci\u00f3n que lo ha llevado a dirigir al PRD como un dictador.<\/span><\/p>\n<\/p>\n<p><span class=\"text1noticias\">Al ser entrevistado en el programa \u00abHilando Fino\u00bb conducido por el periodista Salvador Holgu\u00edn de lunes a viernes a las 8:00 AM a trav\u00e9s de Teleradio Am\u00e9rica canal 45, Tirso Mej\u00eda dijo que el partido perrede\u00edsta es un instrumento de enriquecimiento para una minor\u00eda que lo controla.<\/span><\/p>\n<\/p>\n<p><span class=\"text1noticias\">Se\u00f1al\u00f3 que todos los dirigentes del PRD son culpables de la situaci\u00f3n que est\u00e1n viviendo, puesto que nadie le hizo frente a Miguel Vargas, y le permitieron que hiciera lo que quisiera con el partido.<\/span><\/p>\n<\/p>\n<p><strong><span class=\"text1noticias\">Hip\u00f3lito, Abinader y PRM<\/span><\/strong><\/p>\n<\/p>\n<p><span class=\"text1noticias\">Tirso Mej\u00eda Ricart, miembro del Partido Revolucionario Moderno (PRM), dijo que conf\u00eda en que el ex presidente Hip\u00f3lito Mej\u00eda y Luis Abinader se pondr\u00e1n de acuerdo para trabajar en las pr\u00f3ximas elecciones del 2016, pero aclar\u00f3 que lo har\u00e1n cuando lo crean indispensable, debido a que ambos se necesitan.<\/span><\/p>\n<\/p>\n<p><span class=\"text1noticias\">Resalt\u00f3 que es necesario que  Mej\u00eda y Abinader establezcan alg\u00fan tipo de pacto en las reglas del juego, para que se comprometan, al igual que los dem\u00e1s pol\u00edticos que los rodean.<\/span><\/p>\n<\/p>\n<p><span class=\"text1noticias\">Al hablar sobre la forma que se empleara para elegir el candidato que representara al PRM en los pr\u00f3ximos comicios electorales, el dirigente pol\u00edtico indic\u00f3 que el m\u00e1s favorable ser\u00eda una convenci\u00f3n, donde puedan participar todos sus militantes.<\/span><\/p>\n<\/p>\n<p><span class=\"text1noticias\">Mej\u00eda Ricart expres\u00f3 que al pa\u00eds le urge un cambio de vida y un estilo de gobierno diferente, ya que es tiempo de una nueva generaci\u00f3n.(HG)<\/span>.<\/p>\n<h6> 2014-10-23 20:33:10 <\/h6>\n<p><!--\n<link rel=\"stylesheet\" href=\"css\/bootstrap.min.css\">\n\n\n<ul class=\"pagination\">\n\t    \n\t\n\n<li >\n\t<a href='?page_no=14264'>Previous<\/a>\n\t<\/li>\n\n\n       \n    \n\n<li><a href='?page_no=1'>1<\/a><\/li>\n\n\n\n<li><a href='?page_no=2'>2<\/a><\/li>\n\n\n\n<li><a>...<\/a><\/li>\n\n\n\n<li><a href='?page_no=14263'>14263<\/a><\/li>\n\n\n\n<li><a href='?page_no=14264'>14264<\/a><\/li>\n\n\n\n<li class='active'><a>14265<\/a><\/li>\n\n\n\n<li><a href='?page_no=14266'>14266<\/a><\/li>\n\n\n\n<li><a href='?page_no=14267'>14267<\/a><\/li>\n\n\n\n<li><a>...<\/a><\/li>\n\n\n\n<li><a href='?page_no=36999'>36999<\/a><\/li>\n\n\n\n<li><a href='?page_no=37000'>37000<\/a><\/li>\n\n    \n\t\n\n<li >\n\t<a href='?page_no=14266'>Next<\/a>\n\t<\/li>\n\n\n    \n\n<li><a href='?page_no=37000'>Last &rsaquo;&rsaquo;<\/a><\/li>\n\n<\/ul>\n\n\n--><br \/>\n<\/body><\/p>\n","protected":false},"excerpt":{"rendered":"<p>Santo Domingo, RD, 23 de Octubre.-El dirigente pol\u00edtico Tirso Mej\u00eda Ricart afirm\u00f3 que el presidente del Partido Revolucionario Dominicano (PRD), Miguel Vargas Maldonado, ha hecho de las siglas de esta organizaci\u00f3n pol\u00edtica un buen negocio para \u00e9l y sus seguidores. Mej\u00eda Ricart expres\u00f3 que Vargas Maldonado ha demostrado tener talento para los negocios, pero no [&hellip;]<\/p>\n","protected":false},"author":3,"featured_media":0,"comment_status":"open","ping_status":"open","sticky":false,"template":"","format":"standard","meta":{"footnotes":""},"categories":[22],"tags":[],"class_list":["post-161795","post","type-post","status-publish","format-standard","hentry","category-politica"],"_links":{"self":[{"href":"https:\/\/diariodominicano.com\/index.php?rest_route=\/wp\/v2\/posts\/161795","targetHints":{"allow":["GET"]}}],"collection":[{"href":"https:\/\/diariodominicano.com\/index.php?rest_route=\/wp\/v2\/posts"}],"about":[{"href":"https:\/\/diariodominicano.com\/index.php?rest_route=\/wp\/v2\/types\/post"}],"author":[{"embeddable":true,"href":"https:\/\/diariodominicano.com\/index.php?rest_route=\/wp\/v2\/users\/3"}],"replies":[{"embeddable":true,"href":"https:\/\/diariodominicano.com\/index.php?rest_route=%2Fwp%2Fv2%2Fcomments&post=161795"}],"version-history":[{"count":0,"href":"https:\/\/diariodominicano.com\/index.php?rest_route=\/wp\/v2\/posts\/161795\/revisions"}],"wp:attachment":[{"href":"https:\/\/diariodominicano.com\/index.php?rest_route=%2Fwp%2Fv2%2Fmedia&parent=161795"}],"wp:term":[{"taxonomy":"category","embeddable":true,"href":"https:\/\/diariodominicano.com\/index.php?rest_route=%2Fwp%2Fv2%2Fcategories&post=161795"},{"taxonomy":"post_tag","embeddable":true,"href":"https:\/\/diariodominicano.com\/index.php?rest_route=%2Fwp%2Fv2%2Ftags&post=161795"}],"curies":[{"name":"wp","href":"https:\/\/api.w.org\/{rel}","templated":true}]}}